{"id":22365,"date":"2021-12-31T13:22:09","date_gmt":"2021-12-31T18:22:09","guid":{"rendered":"https:\/\/emisora.univalle.edu.co\/?p=22365"},"modified":"2021-12-31T13:22:09","modified_gmt":"2021-12-31T18:22:09","slug":"estudiantina-le-canto-a-los-anos-dorados","status":"publish","type":"post","link":"https:\/\/emisora.univalle.edu.co\/index.php\/estudiantina-le-canto-a-los-anos-dorados\/","title":{"rendered":"Estudiantina le cant\u00f3 a los A\u00f1os Dorados"},"content":{"rendered":"<p><span class=\"authorPost\">Agencia de Noticias Univalle<\/span><\/p>\n<div class=\"itemFullText\">\n<p>Los integrantes de la Estudiantina de la Universidad del Valle tuvieron una aplaudida presentaci\u00f3n en el Festival de los A\u00f1os Dorados que se realiz\u00f3 este 30 de diciembre, desde las 3:00 p.m en el Teatro Municipal Enrique Buenaventura.<\/p>\n<p>Abuelos y abuelas de las diferentes comunas del distrito de Cali se deleitaron con el repertorio de m\u00fasica andina y coral que interpret\u00f3 esta agrupaci\u00f3n art\u00edstica, que estuvo compuesto por bambucos, pasillos y otros ritmos del folclore latinoamericano.<\/p>\n<p><img loading=\"lazy\" decoding=\"async\" class=\"aligncenter\" src=\"http:\/\/drive.google.com\/uc?export=view&amp;id=19NqamE0dA_-fqlvy4SvGVIaktqXgMDS5\" alt=\"\" width=\"600\" height=\"400\" \/><\/p>\n<p>Durante m\u00e1s de media hora los asistentes a este evento escucharon de manera atenta las canciones que estos m\u00fasicos interpretaron, acompa\u00f1\u00e1ndolos con sus aplausos. Incluso algunos abuelos cantaron temas como \u201cLa ruana\u201d, el cual hizo parte del repertorio.<\/p>\n<p>El director de la Estudiantina Univalle Andr\u00e9s Felipe Cobo Rivera expres\u00f3 que espacios como los que se abrieron durante esta edici\u00f3n de la Feria de Cali permiten destacar el trabajo art\u00edstico y cultural que se gesta desde las aulas de la Universidad del Valle, permitiendo conectar con todos los p\u00fablicos y llevarles una muestra del talento presente en el Alma Mater de los vallecaucanos.<\/p>\n<p><img loading=\"lazy\" decoding=\"async\" class=\"aligncenter\" src=\"http:\/\/drive.google.com\/uc?export=view&amp;id=1z5yR-0wMsOIbHdKG6OwrqDKqXHdNlXpJ\" alt=\"\" width=\"600\" height=\"400\" \/><\/p>\n<p>Espacios como este hicieron parte de la agenda de inclusi\u00f3n de diferentes poblaciones que promovieron la Feria de Cali y Corfecali, bajo una programaci\u00f3n destinada a ni\u00f1os, mujeres, LGBTQI+, personas en situaci\u00f3n de discapacidad, afrodescendientes, ind\u00edgenas, entre otros.<\/p>\n<p>El grupo cultural Estudiantina Univalle naci\u00f3 en el a\u00f1o 1968 como apoyo musical del Grupo de danzas en la parte de m\u00fasica andina colombiana, la cual tiene un formato de cuerdas vientos y percusi\u00f3n menor. Este grupo cultural dej\u00f3 de existir en el a\u00f1o 1998 con la desaparici\u00f3n de la entonces Decanatura de Cultura. Este proyecto art\u00edstico y cultural fue retomado por el maestro Andr\u00e9s Felipe Cobo Rivera, quien lider\u00f3 la consolidaci\u00f3n de esta agrupaci\u00f3n en 2017.<\/p>\n<p>Desde esa fecha la Estudiantina ha ganado en diferentes concursos a nivel regional y nacional gracias al talento y dedicaci\u00f3n de sus integrantes.<\/p>\n<p><img loading=\"lazy\" decoding=\"async\" class=\"aligncenter\" src=\"http:\/\/drive.google.com\/uc?export=view&amp;id=1chXTKzc-5g3ouJg95MkPlcFr4XQpByP9\" alt=\"\" width=\"600\" height=\"400\" \/><\/p>\n<\/div>\n","protected":false},"excerpt":{"rendered":"<p>Agencia de Noticias Univalle Los integrantes de la Estudiantina de la Universidad del Valle tuvieron una aplaudida presentaci\u00f3n en el Festival de los A\u00f1os Dorados que se realiz\u00f3 este 30 de diciembre, desde las 3:00 p.m en el Teatro Municipal Enrique Buenaventura. Abuelos y abuelas de las diferentes comunas del[&#8230;]<\/p>\n","protected":false},"author":1,"featured_media":22366,"comment_status":"open","ping_status":"open","sticky":false,"template":"","format":"standard","meta":{"footnotes":""},"categories":[4],"tags":[],"_links":{"self":[{"href":"https:\/\/emisora.univalle.edu.co\/index.php\/wp-json\/wp\/v2\/posts\/22365"}],"collection":[{"href":"https:\/\/emisora.univalle.edu.co\/index.php\/wp-json\/wp\/v2\/posts"}],"about":[{"href":"https:\/\/emisora.univalle.edu.co\/index.php\/wp-json\/wp\/v2\/types\/post"}],"author":[{"embeddable":true,"href":"https:\/\/emisora.univalle.edu.co\/index.php\/wp-json\/wp\/v2\/users\/1"}],"replies":[{"embeddable":true,"href":"https:\/\/emisora.univalle.edu.co\/index.php\/wp-json\/wp\/v2\/comments?post=22365"}],"version-history":[{"count":1,"href":"https:\/\/emisora.univalle.edu.co\/index.php\/wp-json\/wp\/v2\/posts\/22365\/revisions"}],"predecessor-version":[{"id":22367,"href":"https:\/\/emisora.univalle.edu.co\/index.php\/wp-json\/wp\/v2\/posts\/22365\/revisions\/22367"}],"wp:featuredmedia":[{"embeddable":true,"href":"https:\/\/emisora.univalle.edu.co\/index.php\/wp-json\/wp\/v2\/media\/22366"}],"wp:attachment":[{"href":"https:\/\/emisora.univalle.edu.co\/index.php\/wp-json\/wp\/v2\/media?parent=22365"}],"wp:term":[{"taxonomy":"category","embeddable":true,"href":"https:\/\/emisora.univalle.edu.co\/index.php\/wp-json\/wp\/v2\/categories?post=22365"},{"taxonomy":"post_tag","embeddable":true,"href":"https:\/\/emisora.univalle.edu.co\/index.php\/wp-json\/wp\/v2\/tags?post=22365"}],"curies":[{"name":"wp","href":"https:\/\/api.w.org\/{rel}","templated":true}]}}