{"id":22408,"date":"2022-02-17T15:57:03","date_gmt":"2022-02-17T20:57:03","guid":{"rendered":"https:\/\/emisora.univalle.edu.co\/?p=22408"},"modified":"2022-02-17T15:57:03","modified_gmt":"2022-02-17T20:57:03","slug":"alcaldia-y-univalle-entregaron-2-000-tablets-a-beneficiarios-de-todas-y-todos-a-estudiar","status":"publish","type":"post","link":"https:\/\/emisora.univalle.edu.co\/index.php\/alcaldia-y-univalle-entregaron-2-000-tablets-a-beneficiarios-de-todas-y-todos-a-estudiar\/","title":{"rendered":"Alcald\u00eda y Univalle entregaron 2.000 tablets a beneficiarios de Todas y todos a estudiar"},"content":{"rendered":"<p><span class=\"authorPost\">Agencia de Noticias Univalle<\/span><\/p>\n<div class=\"itemFullText\">\n<p>La Alcald\u00eda de Cali y la Universidad del Valle entregaron 2.000 tabletas electr\u00f3nicas a todos los beneficiarios de las l\u00edneas A\u00f1o Cero y Talentos egresados del programa \u201cTodas y todos a estudiar\u201d que lidera la administraci\u00f3n distrital.<\/p>\n<p>Este acto se realiz\u00f3 este lunes 14 de febrero, en el Coliseo Alberto Le\u00f3n Betancur del campus de Mel\u00e9ndez.<\/p>\n<p>En la ceremonia estuvieron presentes por parte de la administraci\u00f3n distrital el alcalde de Cali Jorge Iv\u00e1n Ospina, el secretario de Educaci\u00f3n Jos\u00e9 Darwin Lenis, la gerente del proyecto Alexandra Monedero. En representaci\u00f3n de la Universidad del Valle estuvo presente la Vicerrectora acad\u00e9mica Liliana Arias Castillo, la Directora de Extensi\u00f3n y Educaci\u00f3n Contin\u00faa Sandra Liliana Cano Moya y la Jefe de la Secci\u00f3n de Salud Ocupacional Patricia Andrea Martos Guatusmal.<\/p>\n<p>Adicionalmente, asistieron como invitados especiales: Brayan Stiven Hurtado, egresado del Plan Talentos 2009 \u2013 2010, quien actualmente es L\u00edder de Pol\u00edtica p\u00fablica de Juventud; y Juan Pablo Pulgar\u00edn Pineda, actual beneficiario de la l\u00ednea A\u00f1o cero, quien pertenece a la Liga de Ciclismo del Valle y a Talentos Colombia.<\/p>\n<p><img loading=\"lazy\" decoding=\"async\" class=\"aligncenter\" src=\"http:\/\/drive.google.com\/uc?export=view&amp;id=1By9ZGsVhLAt4xTJdoLz4TV_m9zJxEMra\" alt=\"\" width=\"500\" height=\"333\" \/><\/p>\n<p>Durante el acto se llev\u00f3 a cabo un conversatorio, que ten\u00eda como objetivo principal transmitir un mensaje motivador acerca de la importancia del acceso a la Educaci\u00f3n Superior. Todos los invitados hicieron referencia a sus or\u00edgenes y al rol fundamental que ha jugado la educaci\u00f3n en sus vidas, motivando a todos los j\u00f3venes beneficiarios a continuar por este camino que hoy inician, con todo el \u00e1nimo, y la alegr\u00eda que representa esta nueva etapa.<\/p>\n<p>\u201cEstamos orgullosos de adelantar con la Universidad del Valle un programa orientado a reducir brechas y a buscar oportunidades para que los j\u00f3venes sean universitarios. La Universidad coloca su conocimiento, su infraestructura, sus instalaciones, su tecnolog\u00eda; la Alcald\u00eda de Cali coloca los recursos econ\u00f3micos. Durante todo un a\u00f1o, 3000 j\u00f3venes en diferentes programas van a formarse para ingresar a la universidad. Es reducir las dificultades que se tuvieron en el bachillerato, llenar de capacidades a estos muchachos de habilidades para que puedan volver a presentarse seguramente ya mucho m\u00e1s competitivos\u201d destac\u00f3 el alcalde Jorge Iv\u00e1n Ospina.<\/p>\n<p>\u201cTodas y todos a estudiar es un programa que quiere forjar individuos integrales y en ese sentido van a ver jornadas ciudadanas, trabajo complementario y participaci\u00f3n en las actividades de feria. Vamos a trabajar juntos en relaci\u00f3n a los temas de convivencia, tolerancia y respeto\u201d agreg\u00f3 el mandatario local.<\/p>\n<p>Al finalizar el conversatorio, se entregaron los dispositivos electr\u00f3nicos, junto a las sim card con acceso a internet, que les permitir\u00e1n a los j\u00f3venes conectarse diariamente a sus clases con los docentes de este proyecto, adicional a las clases presenciales con las que contar\u00e1n los d\u00edas s\u00e1bado.<\/p>\n<p>Cabe recordar que la l\u00ednea A\u00f1o cero posibilita el ingreso de 1.000 j\u00f3venes egresados de educaci\u00f3n media a programas acad\u00e9micos de la Universidad del Valle, de acuerdo a las condiciones que la misma establezca para su admisi\u00f3n. Mientras que, Talentos egresados desarrolla actividades de nivelaci\u00f3n acad\u00e9mica para que 1.000 j\u00f3venes egresados de educaci\u00f3n media puedan presentar de nuevo las pruebas Saber 11\u00b0 y obtengan mayores oportunidades de ingreso en la Educaci\u00f3n Superior.<\/p>\n<p>\u201cEste es un programa muy especial. El componente que le corresponde a la Universidad del Valle implica para nosotros el aumento de la cobertura, como parte de las pol\u00edticas institucionales que nuestro rector, el profesor Edgar Varela Barrios, ha implementado de manera positiva. Esta es una oportunidad para la inclusi\u00f3n social, porque estudiantes de estratos 1, 2 y 3 de Cali puedan ingresar a la Universidad\u201d mencion\u00f3 la vicerrectora acad\u00e9mica Liliana Arias Castillo.<\/p>\n<p>\u201cTenemos dos l\u00edneas. Una que es A\u00f1o Cero, para que los beneficiarios puedan ingresar a la educaci\u00f3n superior luego de un refuerzo acad\u00e9mico en las \u00e1reas b\u00e1sicas, y Talentos Egresados, para que los estudiantes puedan capacitarse para mejorar los resultados de las pruebas Saber 11\u201d puntualiz\u00f3 la directiva universitaria.<\/p>\n<p><img loading=\"lazy\" decoding=\"async\" class=\"aligncenter\" src=\"http:\/\/drive.google.com\/uc?export=view&amp;id=17Hzb6iDKa2m4qlnweLkUnQIt9Jz7Bg40\" alt=\"\" width=\"500\" height=\"333\" \/><\/p>\n<\/div>\n","protected":false},"excerpt":{"rendered":"<p>Agencia de Noticias Univalle La Alcald\u00eda de Cali y la Universidad del Valle entregaron 2.000 tabletas electr\u00f3nicas a todos los beneficiarios de las l\u00edneas A\u00f1o Cero y Talentos egresados del programa \u201cTodas y todos a estudiar\u201d que lidera la administraci\u00f3n distrital. Este acto se realiz\u00f3 este lunes 14 de febrero,[&#8230;]<\/p>\n","protected":false},"author":1,"featured_media":22410,"comment_status":"open","ping_status":"open","sticky":false,"template":"","format":"standard","meta":{"footnotes":""},"categories":[4],"tags":[],"_links":{"self":[{"href":"https:\/\/emisora.univalle.edu.co\/index.php\/wp-json\/wp\/v2\/posts\/22408"}],"collection":[{"href":"https:\/\/emisora.univalle.edu.co\/index.php\/wp-json\/wp\/v2\/posts"}],"about":[{"href":"https:\/\/emisora.univalle.edu.co\/index.php\/wp-json\/wp\/v2\/types\/post"}],"author":[{"embeddable":true,"href":"https:\/\/emisora.univalle.edu.co\/index.php\/wp-json\/wp\/v2\/users\/1"}],"replies":[{"embeddable":true,"href":"https:\/\/emisora.univalle.edu.co\/index.php\/wp-json\/wp\/v2\/comments?post=22408"}],"version-history":[{"count":1,"href":"https:\/\/emisora.univalle.edu.co\/index.php\/wp-json\/wp\/v2\/posts\/22408\/revisions"}],"predecessor-version":[{"id":22411,"href":"https:\/\/emisora.univalle.edu.co\/index.php\/wp-json\/wp\/v2\/posts\/22408\/revisions\/22411"}],"wp:featuredmedia":[{"embeddable":true,"href":"https:\/\/emisora.univalle.edu.co\/index.php\/wp-json\/wp\/v2\/media\/22410"}],"wp:attachment":[{"href":"https:\/\/emisora.univalle.edu.co\/index.php\/wp-json\/wp\/v2\/media?parent=22408"}],"wp:term":[{"taxonomy":"category","embeddable":true,"href":"https:\/\/emisora.univalle.edu.co\/index.php\/wp-json\/wp\/v2\/categories?post=22408"},{"taxonomy":"post_tag","embeddable":true,"href":"https:\/\/emisora.univalle.edu.co\/index.php\/wp-json\/wp\/v2\/tags?post=22408"}],"curies":[{"name":"wp","href":"https:\/\/api.w.org\/{rel}","templated":true}]}}