{"id":22412,"date":"2022-02-17T16:03:29","date_gmt":"2022-02-17T21:03:29","guid":{"rendered":"https:\/\/emisora.univalle.edu.co\/?p=22412"},"modified":"2022-02-17T16:03:29","modified_gmt":"2022-02-17T21:03:29","slug":"univalle-aliada-del-xix-campeonato-mundial-de-atletismo-sub-20","status":"publish","type":"post","link":"https:\/\/emisora.univalle.edu.co\/index.php\/univalle-aliada-del-xix-campeonato-mundial-de-atletismo-sub-20\/","title":{"rendered":"Univalle, aliada del XIX Campeonato Mundial de Atletismo Sub-20"},"content":{"rendered":"<p><span class=\"authorPost\">Agencia de Noticias Univalle<\/span><\/p>\n<div class=\"itemFullText\">\n<p>M\u00e1s de 1.500 j\u00f3venes atletas procedentes de 171 naciones llegar\u00e1n a Cali para participar del \u2018XIX Campeonato Mundial de Atletismo Sub-20\u2019, m\u00e1xima competici\u00f3n de car\u00e1cter internacional organizada por la Federaci\u00f3n Internacional de Atletismo.<\/p>\n<p>La Universidad del Valle, en alianza estrat\u00e9gica con la Escuela Nacional del Deporte, ser\u00e1 una de las instituciones de educaci\u00f3n superior que ofrecer\u00e1n apoyo log\u00edstico en el certamen, participando en primera instancia de la fase preparatoria que arranc\u00f3 el pasado 2 de febrero y finalizar\u00e1 el pr\u00f3ximo 1 de agosto, fecha en que dar\u00e1 inicio el campeonato internacional.<\/p>\n<p>Por esta raz\u00f3n, organizadores y aliados del certamen convocaron a las dem\u00e1s Universidades e Instituciones de Educaci\u00f3n Superior del Valle del Cauca a un encuentro presencial, con el \u00e1nimo de reunir capacidades, voluntades y esfuerzos alrededor de esta importante justa atl\u00e9tica.<\/p>\n<p>\u201cDurante estos seis meses trabajaremos en 30 mesas tem\u00e1ticas donde se abordar\u00e1n asuntos relacionados con mercadeo, log\u00edstica, medicina deportiva, organizaci\u00f3n de eventos, doping, entre otros aspectos acad\u00e9micamente abordados por expertos nacionales e internacionales\u201d, se\u00f1al\u00f3 el rector Edgar Varela Barrios, sin dejar de recordar que la Universidad del Valle se sumar\u00e1 al llamado del voluntariado que convoca la organizaci\u00f3n del certamen. \u201cEsperamos que nuestros estudiantes se vinculen a esta convocatoria que abre el Mundial de Atletismo. Por ello, vamos a adelantar una gran movilizaci\u00f3n desde la Universidad para consolidarnos como socios estrat\u00e9gicos de esta competencia, que se perfila como el evento deportivo m\u00e1s importante en Colombia este 2022\u201d.<\/p>\n<p>De igual manera, el rector Edgar Varela apunt\u00f3 que ya son m\u00e1s de 16 universidades del Valle del Cauca las que acogieron el llamado para participar del voluntariado del\u00a0 \u2018XIX Mundial de Atletismo Sub-20\u2019. \u201cLos voluntarios acompa\u00f1ar\u00e1n a los atletas internacionales durante su estancia en Cali, por esta raz\u00f3n requerimos que sean biling\u00fces, con dominio adecuado del ingl\u00e9s, as\u00ed como de otras lenguas\u201d. El directivo universitario tambi\u00e9n afirm\u00f3 que el esquema de voluntariado permitir\u00e1 a los participantes la posibilidad de alojar a los miembros acompa\u00f1antes de las delegaciones extranjeras que lo requieran.<\/p>\n<p>Ramiro Varela, presidente de la Federaci\u00f3n de Atletismo de Colombia, expres\u00f3 que el voluntariado contar\u00e1 con el apoyo de 600 j\u00f3venes biling\u00fces, de los cuales 360 har\u00e1n parte de las 30 comisiones de discusi\u00f3n. \u201cTambi\u00e9n, el 31 de julio gestaremos una gran carrera donde competir\u00e1n universidades nacionales y extranjeras, una Carrera Mundial Universitaria que ser\u00e1 permanentemente recordada a trav\u00e9s de los a\u00f1os\u201d.<\/p>\n<p>En ese sentido, tal como lo explica el rector Edgar Varela, la Universidad del Valle organizar\u00e1 la carrera que partir\u00e1 de Ciudad Universitaria de Mel\u00e9ndez, en la cual se espera participen m\u00e1s de 35.000 j\u00f3venes. Igualmente, continu\u00f3 explicando el directivo, durante la primera semana de agosto se pretende adelantar en Univalle \u201cuna gran fiesta deportiva donde participen los estudiantes universitarios de Cali y del Valle del Cauca\u201d.<\/p>\n<p>A su turno, el Brigadier General Andr\u00e9s Guzm\u00e1n Morales, director de la Escuela Militar de Aviaci\u00f3n Marco Fidel Su\u00e1rez, coment\u00f3 que para su Instituci\u00f3n \u201ces realmente importante vincularse a este evento pues permite que nuestros cadetes, quienes a trav\u00e9s del deporte se preparan para ser futuros oficiales de la Fuerza A\u00e9rea colombiana, se puedan reunir con estudiantes de otras universidades, aumentar su nivel competitivo, fortalecer su disciplina y sobre todo, vincularse con la sociedad cale\u00f1a para ser parte del mundial de atletismo Sub-20\u2019\u201d. El Brigadier General Guzm\u00e1n igualmente agreg\u00f3 que los cadetes de la Escuela de Aviaci\u00f3n participan activamente del voluntariado en las comisiones de Protocolo, Ceremonias y Seguridad.<\/p>\n<p>El \u2018XIX Campeonato Mundial de Atletismo Sub-20\u2019, que reunir\u00e1 a las nuevas figuras del atletismo global, contar\u00e1 con una inversi\u00f3n superior a los $12.000 millones, seg\u00fan precis\u00f3 el delegado del Ministerio del Deporte Luis Carlos Buitrago, recursos que se suman a los aportados por la Gobernaci\u00f3n del Valle del Cauca que ascienden a los $2.400 millones.\u00a0La administraci\u00f3n adquiri\u00f3 igualmente el compromiso de acondicionar la pista de entrenamiento y calentamiento del \u2018Estadio Ol\u00edmpico Pascual Guerrero\u2019.<\/p>\n<p>\u201cCientos de atletas ir\u00e1n a Cali en los pr\u00f3ximos seis meses. Estos son los \u00fanicos campeonatos\u00a0 mundiales\u00a0 que est\u00e1n destinados a la juventud, a los j\u00f3venes para demostrar su talento, mirando hacia el futuro y juntos estaremos con ellos, tanto el\u00a0 campeonato mundial junior como los \u00e9lite, que son la m\u00e1xima demostraci\u00f3n del atletismo mundial. Estos campeonatos del mundo son la clave absoluta del desarrollo de nuestro deporte. Lo que vamos a ver en Cali ser\u00e1 una gran atracci\u00f3n y ser\u00e1 esto para los pr\u00f3ximos a\u00f1os, hemos visto ya como algunos de estos atletas se han convertido\u00a0 en Campeones ol\u00edmpicos y ahora no ser\u00e1 distinto\u201d, manifest\u00f3 Jon Ridgeon, quien preside World Athletics.<\/p>\n<\/div>\n","protected":false},"excerpt":{"rendered":"<p>Agencia de Noticias Univalle M\u00e1s de 1.500 j\u00f3venes atletas procedentes de 171 naciones llegar\u00e1n a Cali para participar del \u2018XIX Campeonato Mundial de Atletismo Sub-20\u2019, m\u00e1xima competici\u00f3n de car\u00e1cter internacional organizada por la Federaci\u00f3n Internacional de Atletismo. La Universidad del Valle, en alianza estrat\u00e9gica con la Escuela Nacional del Deporte,[&#8230;]<\/p>\n","protected":false},"author":1,"featured_media":22413,"comment_status":"open","ping_status":"open","sticky":false,"template":"","format":"standard","meta":{"footnotes":""},"categories":[4],"tags":[],"_links":{"self":[{"href":"https:\/\/emisora.univalle.edu.co\/index.php\/wp-json\/wp\/v2\/posts\/22412"}],"collection":[{"href":"https:\/\/emisora.univalle.edu.co\/index.php\/wp-json\/wp\/v2\/posts"}],"about":[{"href":"https:\/\/emisora.univalle.edu.co\/index.php\/wp-json\/wp\/v2\/types\/post"}],"author":[{"embeddable":true,"href":"https:\/\/emisora.univalle.edu.co\/index.php\/wp-json\/wp\/v2\/users\/1"}],"replies":[{"embeddable":true,"href":"https:\/\/emisora.univalle.edu.co\/index.php\/wp-json\/wp\/v2\/comments?post=22412"}],"version-history":[{"count":1,"href":"https:\/\/emisora.univalle.edu.co\/index.php\/wp-json\/wp\/v2\/posts\/22412\/revisions"}],"predecessor-version":[{"id":22414,"href":"https:\/\/emisora.univalle.edu.co\/index.php\/wp-json\/wp\/v2\/posts\/22412\/revisions\/22414"}],"wp:featuredmedia":[{"embeddable":true,"href":"https:\/\/emisora.univalle.edu.co\/index.php\/wp-json\/wp\/v2\/media\/22413"}],"wp:attachment":[{"href":"https:\/\/emisora.univalle.edu.co\/index.php\/wp-json\/wp\/v2\/media?parent=22412"}],"wp:term":[{"taxonomy":"category","embeddable":true,"href":"https:\/\/emisora.univalle.edu.co\/index.php\/wp-json\/wp\/v2\/categories?post=22412"},{"taxonomy":"post_tag","embeddable":true,"href":"https:\/\/emisora.univalle.edu.co\/index.php\/wp-json\/wp\/v2\/tags?post=22412"}],"curies":[{"name":"wp","href":"https:\/\/api.w.org\/{rel}","templated":true}]}}