{"id":22424,"date":"2022-02-28T14:37:49","date_gmt":"2022-02-28T19:37:49","guid":{"rendered":"https:\/\/emisora.univalle.edu.co\/?p=22424"},"modified":"2022-02-28T14:37:49","modified_gmt":"2022-02-28T19:37:49","slug":"festival-barricadas-sonoras-ii-memoria-lucha-y-resistencia","status":"publish","type":"post","link":"https:\/\/emisora.univalle.edu.co\/index.php\/festival-barricadas-sonoras-ii-memoria-lucha-y-resistencia\/","title":{"rendered":"Festival Barricadas Sonoras II &#8211; Memoria, Lucha y resistencia"},"content":{"rendered":"<p><span class=\"authorPost\">Agencia de Noticias Univalle<\/span><\/p>\n<div class=\"itemFullText\">\n<p>Se viene el Festival Barricadas Sonoras II &#8211; Memoria, Lucha y resistencia, que se realizar\u00e1 los d\u00edas 2, 3 y 4 de marzo en la Universidad del Valle, Ciudadela Universitaria Mel\u00e9ndez, en la m\u00edtica Cancha Molotov<\/p>\n<p>En 2019 naci\u00f3 esta actividad en solidaridad con estudiantes univallunos que fueron v\u00edctimas en el marco del estallido social del 21 de noviembre. Este a\u00f1o se har\u00e1 un homenaje p\u00f3stumo a los estudiantes fallecidos durante la coyuntura del paro nacional, entre los que se encuentran dos estudiantes de la instituci\u00f3n: Segundo Jaime Rosas, estudiante de Ingenier\u00eda y Sebasti\u00e1n Jacanamejoy, perteneciente al cabildo ind\u00edgena. El evento contar\u00e1 con la participaci\u00f3n de Duv\u00e1n Villegas del SENA, compa\u00f1eros de Esteban Mosquera y la madre de Nicol\u00e1s Guerrero, que hoy son ejemplo de dignidad, memoria, lucha y resistencia<\/p>\n<p>Se invita a toda la comunidad universitaria y a la comunidad cale\u00f1a en general a participar del Festival que tendr\u00e1 la siguiente programaci\u00f3n:<\/p>\n<p><strong>Mi\u00e9rcoles 2 de marzo:<\/strong><br \/>\n9:00 am &#8211; 2:00 pm: torneo rel\u00e1mpago de f\u00fatbol, los equipos son mixtos y deben tener m\u00ednimo 2 mujeres (cancha Molotov). Inscripci\u00f3n aqu\u00ed:\u00a0<a href=\"https:\/\/forms.gle\/X7QxFN1isrr8rFHx8\">https:\/\/forms.gle\/X7QxFN1isrr8rFHx8<\/a><br \/>\n9:00 am &#8211; 5:00 pm: jornada de graffiti y muralismo<br \/>\nCanelazo<\/p>\n<p><strong>Jueves 3 de marzo:<\/strong><br \/>\n9:00 am &#8211; 12:00: foro y conversatorio \u00bb Memoria hist\u00f3rica y luchas sociales del a\u00f1o 2021. Del paro a las elecciones\u00bb (auditorio Germ\u00e1n Colmenares)<br \/>\n9:00 am &#8211; 6:00 pm: jornada de muralismo.<br \/>\n9:00 am &#8211; 2:00 pm: olla comunitaria (traer menaje)<br \/>\n1:00 pm &#8211; 3:00 pm: teatro (auditorio Germ\u00e1n Colmenares)<br \/>\n1:00 pm &#8211; 10:00 pm: toque solidario (cancha Molotov)<\/p>\n<p>Nota: Emprendimientos simult\u00e1neamente<\/p>\n<p><strong>Viernes 4 de marzo:<\/strong><br \/>\n9:00 am &#8211; 12:00: foro y conversatorio \u00abRepresi\u00f3n estatal en el paro nacional 2021, propuestas en el marco de los derechos humanos\u00bb (auditorio Germ\u00e1n Colmenares)<br \/>\n9:00 am &#8211; 6:00 pm: jornada de graffiti y muralismo.<br \/>\n9:00 am &#8211; 2:00 pm: olla comunitaria (traer menaje)<br \/>\n1:00 pm &#8211; 10:00 pm: toque solidario (cancha Molotov)<\/p>\n<p>Nota: Emprendimientos simult\u00e1neamente<\/p>\n<p><strong>Nota: seg\u00fan lo acordado en la negociaci\u00f3n con las directivas de la universidad se lleg\u00f3 a las siguientes disposiciones:<\/strong><\/p>\n<p>* El ingreso de personal al campus universitario se realizar\u00e1 hasta las 7pm, despu\u00e9s de eso la secci\u00f3n de seguridad y vigilancia no permitir\u00e1 el ingreso, as\u00ed mismo suceder\u00e1 con las personas que est\u00e9n en el evento y se retiren.<br \/>\n* Debido a los problemas de seguridad en el campus, presentados en el marco del paro nacional 2021, se enfatiza en la prohibici\u00f3n del ingreso de armas de cualquier \u00edndole, ya sea de fogueo o de fuego, adem\u00e1s de recordar que el evento se realizar\u00e1 en un claustro universitario, por lo tal se pide respeto al campus que ha educado por a\u00f1os al pueblo con poco acceso a la educaci\u00f3n.<br \/>\n* Se debe propender por cuidar los espacios universitarios, tambi\u00e9n se pide un buen manejo de los residuos, contaremos con el apoyo de la Secci\u00f3n de Servicios Varios, no hay excusa alguna para tirar la basura o nuestros desechos al piso, del buen comportamiento depende de que se siga realizando o no el festival y de que las directivas lo avalen.<br \/>\n* S\u00f3lo habr\u00e1 ingreso de las personas que se presenten con tapabocas, esto seg\u00fan la petici\u00f3n de la secci\u00f3n de salud ocupacional.<br \/>\n* La entrada a las personas externas de la universidad se realizar\u00e1 por la porter\u00eda 1 (entrada de torniquetes o \u00abB\u00fanker\u00bb) que queda sobre toda la Pasoancho.<br \/>\n* Al finalizar el toque solidario (10 pm) se debe abandonar el campus universitario.<br \/>\n* Si alguien presenta s\u00edntomas asociados al COVID-19, se debe abstener de asistir.<br \/>\n* Las personas externas a la universidad, deben llenar el siguiente formulario para poder asistir, esto en concordancia al control de s\u00edntomas exigido por la secci\u00f3n de Salud Ocupacional:\u00a0<a href=\"https:\/\/forms.gle\/nU7Jphj4bLAKPdAd9\">https:\/\/forms.gle\/nU7Jphj4bLAKPdAd9<\/a><\/p>\n<p>Sin m\u00e1s pre\u00e1mbulo, se solicita un buen comportamiento del p\u00fablico en general, recordar que contaremos con invitados que vienen de la ciudad de Popay\u00e1n, Pradera, Sevilla y Buga, por lo cual se pide una sana convivencia y respeto mutuo.<\/p>\n<p>Esperamos puedan disfrutar de este evento y se sumen a la construcci\u00f3n de un nuevo pa\u00eds donde todos y todas podamos estar.<\/p>\n<\/div>\n","protected":false},"excerpt":{"rendered":"<p>Agencia de Noticias Univalle Se viene el Festival Barricadas Sonoras II &#8211; Memoria, Lucha y resistencia, que se realizar\u00e1 los d\u00edas 2, 3 y 4 de marzo en la Universidad del Valle, Ciudadela Universitaria Mel\u00e9ndez, en la m\u00edtica Cancha Molotov En 2019 naci\u00f3 esta actividad en solidaridad con estudiantes univallunos[&#8230;]<\/p>\n","protected":false},"author":1,"featured_media":22425,"comment_status":"open","ping_status":"open","sticky":false,"template":"","format":"standard","meta":{"footnotes":""},"categories":[4],"tags":[],"_links":{"self":[{"href":"https:\/\/emisora.univalle.edu.co\/index.php\/wp-json\/wp\/v2\/posts\/22424"}],"collection":[{"href":"https:\/\/emisora.univalle.edu.co\/index.php\/wp-json\/wp\/v2\/posts"}],"about":[{"href":"https:\/\/emisora.univalle.edu.co\/index.php\/wp-json\/wp\/v2\/types\/post"}],"author":[{"embeddable":true,"href":"https:\/\/emisora.univalle.edu.co\/index.php\/wp-json\/wp\/v2\/users\/1"}],"replies":[{"embeddable":true,"href":"https:\/\/emisora.univalle.edu.co\/index.php\/wp-json\/wp\/v2\/comments?post=22424"}],"version-history":[{"count":1,"href":"https:\/\/emisora.univalle.edu.co\/index.php\/wp-json\/wp\/v2\/posts\/22424\/revisions"}],"predecessor-version":[{"id":22426,"href":"https:\/\/emisora.univalle.edu.co\/index.php\/wp-json\/wp\/v2\/posts\/22424\/revisions\/22426"}],"wp:featuredmedia":[{"embeddable":true,"href":"https:\/\/emisora.univalle.edu.co\/index.php\/wp-json\/wp\/v2\/media\/22425"}],"wp:attachment":[{"href":"https:\/\/emisora.univalle.edu.co\/index.php\/wp-json\/wp\/v2\/media?parent=22424"}],"wp:term":[{"taxonomy":"category","embeddable":true,"href":"https:\/\/emisora.univalle.edu.co\/index.php\/wp-json\/wp\/v2\/categories?post=22424"},{"taxonomy":"post_tag","embeddable":true,"href":"https:\/\/emisora.univalle.edu.co\/index.php\/wp-json\/wp\/v2\/tags?post=22424"}],"curies":[{"name":"wp","href":"https:\/\/api.w.org\/{rel}","templated":true}]}}