{"id":22428,"date":"2022-03-07T10:20:32","date_gmt":"2022-03-07T15:20:32","guid":{"rendered":"https:\/\/emisora.univalle.edu.co\/?p=22428"},"modified":"2022-03-07T10:20:32","modified_gmt":"2022-03-07T15:20:32","slug":"reunion-entre-univalle-y-camara-de-comercio-de-cali","status":"publish","type":"post","link":"https:\/\/emisora.univalle.edu.co\/index.php\/reunion-entre-univalle-y-camara-de-comercio-de-cali\/","title":{"rendered":"Reuni\u00f3n entre Univalle y C\u00e1mara de Comercio de Cali"},"content":{"rendered":"<p><span class=\"authorPost\">Agencia de Noticias Univalle<\/span><\/p>\n<div class=\"itemFullText\">\n<p>El rector de la Universidad del Valle Edgar Varela Barrios y el presidente de la C\u00e1mara de Comercio de Cali Luis Fernando P\u00e9rez se reunieron para tratar asuntos estrat\u00e9gicos para ambas instituciones.<\/p>\n<p>En la reuni\u00f3n estuvieron presentes por parte de Univalle Guillermo Murillo Vargas, vicerrector de Bienestar Universitario; Rub\u00e9n Dar\u00edo Echeverry Romero, Vicerrector administrativo; \u00d3scar L\u00f3pez Pulecio, asesor de la Rector\u00eda y Efra\u00edn Solarte, Director de la Oficina de Transferencia de investigaci\u00f3n; y de parte de la CCC Carlos Andr\u00e9s P\u00e9rez, director de la Unidad Econ\u00f3mica y de Competitividad; y Sergio Zu\u00f1iga, Director de la Unidad de Emprendimiento e Innovaci\u00f3n;.<\/p>\n<p>Como parte de la agenda, se estableci\u00f3 un di\u00e1logo sobre las posibilidades de articulaci\u00f3n del sector empresarial con el sector acad\u00e9mico y cient\u00edfico, que permitir\u00e1 seguir fomentando la innovaci\u00f3n e impulsar el desarrollo econ\u00f3mico de la regi\u00f3n.<\/p>\n<p>As\u00ed mismo, los participantes tocaron temas como la transferencia de conocimiento de las patentes top de Univalle con el sector competitivo de la regi\u00f3n; el fortalecimiento de las iniciativas que se vienen trabajando, como es el trabajo con clusters econ\u00f3micos, la participaci\u00f3n de los estudiantes en el concurso Retos de Conocimiento; lanzamiento del programa de gesti\u00f3n del emprendimiento y la innovaci\u00f3n en la C\u00e1mara de Comercio de Cali, as\u00ed como las posibilidades de apoyo del Campeonato Mundial Sub 20 de Atletismo Cali 2022.<\/p>\n<p><em>En la fotograf\u00eda, de izquierda a derecha: Luis Fernando P\u00e9rez, presidente de la C\u00e1mara de Comercio de Cali; \u00d3scar L\u00f3pez Pulecio; Carlos Andr\u00e9s P\u00e9rez, director de la Unidad Econ\u00f3mica y de Competitividad; Sergio Zu\u00f1iga, Director de la Unidad de Emprendimiento e Innovaci\u00f3n; Edgar Varela, Rector de la Universidad del Valle; Guillermo Murillo, Vicerrector de Bienestar Universitario; Efra\u00edn Solarte, Director de la Oficina de Transferencia de investigaci\u00f3n; Rub\u00e9n Dar\u00edo Echeverry Romero, Vicerrector administrativo de Univalle.<\/em><\/p>\n<\/div>\n","protected":false},"excerpt":{"rendered":"<p>Agencia de Noticias Univalle El rector de la Universidad del Valle Edgar Varela Barrios y el presidente de la C\u00e1mara de Comercio de Cali Luis Fernando P\u00e9rez se reunieron para tratar asuntos estrat\u00e9gicos para ambas instituciones. En la reuni\u00f3n estuvieron presentes por parte de Univalle Guillermo Murillo Vargas, vicerrector de[&#8230;]<\/p>\n","protected":false},"author":1,"featured_media":22429,"comment_status":"open","ping_status":"open","sticky":false,"template":"","format":"standard","meta":{"footnotes":""},"categories":[4],"tags":[],"_links":{"self":[{"href":"https:\/\/emisora.univalle.edu.co\/index.php\/wp-json\/wp\/v2\/posts\/22428"}],"collection":[{"href":"https:\/\/emisora.univalle.edu.co\/index.php\/wp-json\/wp\/v2\/posts"}],"about":[{"href":"https:\/\/emisora.univalle.edu.co\/index.php\/wp-json\/wp\/v2\/types\/post"}],"author":[{"embeddable":true,"href":"https:\/\/emisora.univalle.edu.co\/index.php\/wp-json\/wp\/v2\/users\/1"}],"replies":[{"embeddable":true,"href":"https:\/\/emisora.univalle.edu.co\/index.php\/wp-json\/wp\/v2\/comments?post=22428"}],"version-history":[{"count":1,"href":"https:\/\/emisora.univalle.edu.co\/index.php\/wp-json\/wp\/v2\/posts\/22428\/revisions"}],"predecessor-version":[{"id":22430,"href":"https:\/\/emisora.univalle.edu.co\/index.php\/wp-json\/wp\/v2\/posts\/22428\/revisions\/22430"}],"wp:featuredmedia":[{"embeddable":true,"href":"https:\/\/emisora.univalle.edu.co\/index.php\/wp-json\/wp\/v2\/media\/22429"}],"wp:attachment":[{"href":"https:\/\/emisora.univalle.edu.co\/index.php\/wp-json\/wp\/v2\/media?parent=22428"}],"wp:term":[{"taxonomy":"category","embeddable":true,"href":"https:\/\/emisora.univalle.edu.co\/index.php\/wp-json\/wp\/v2\/categories?post=22428"},{"taxonomy":"post_tag","embeddable":true,"href":"https:\/\/emisora.univalle.edu.co\/index.php\/wp-json\/wp\/v2\/tags?post=22428"}],"curies":[{"name":"wp","href":"https:\/\/api.w.org\/{rel}","templated":true}]}}