{"id":22440,"date":"2022-03-15T12:41:28","date_gmt":"2022-03-15T17:41:28","guid":{"rendered":"https:\/\/emisora.univalle.edu.co\/?p=22440"},"modified":"2022-03-15T12:42:04","modified_gmt":"2022-03-15T17:42:04","slug":"conversatorio-sobre-situacion-actual-de-univalle","status":"publish","type":"post","link":"https:\/\/emisora.univalle.edu.co\/index.php\/conversatorio-sobre-situacion-actual-de-univalle\/","title":{"rendered":"Conversatorio sobre situaci\u00f3n actual de Univalle"},"content":{"rendered":"<p><span class=\"authorPost\">Agencia de Noticias Univalle<\/span><\/p>\n<div class=\"itemFullText\">\n<p>Una amplia presentaci\u00f3n de los actuales desarrollos y avances en materia de cobertura, calidad educativa, regionalizaci\u00f3n y proyecci\u00f3n investigativa de la Universidad del Valle present\u00f3 el rector de la Universidad del Valle Edgar Varela Barrios ante representantes de los medios de comunicaci\u00f3n de la regi\u00f3n.<\/p>\n<p>En un di\u00e1logo amplio y abierto con un grupo de directores de medios, columnistas de diarios de Cali y periodistas de informativos audiovisuales y de prensa, el profesor Varela destac\u00f3 que en relaci\u00f3n con la cobertura educativa actualmente en la universidad se encuentran matriculados m\u00e1s de 34000 estudiantes, de los cuales 14500 hacen parte del Sistema de Regionalizaci\u00f3n conformado por las nueve sedes que operan a lo largo y ancho de la regi\u00f3n.<\/p>\n<p>Se\u00f1al\u00f3 adem\u00e1s que la universidad provee entre 5000 y 6000 egresados anuales, un aporte considerable de profesionales, tecn\u00f3logos y especialistas a la fuerza laboral y capacidad de talento humano de la regi\u00f3n y el pa\u00eds. Seg\u00fan el Observatorio Laboral Colombiano, los egresados de la Univalle se enganchan en poco tiempo debido a su buena formaci\u00f3n y al prestigio de la universidad.<\/p>\n<p>El profesor Varela mencion\u00f3 que la universidad y otras IES de la ciudad vienen trabajando de forma exitosa con el Distrito de Cali en el programa Todas y Todos a Estudiar que en principio permite el ingreso de 1000 estudiantes de sectores populares a la Universidad y posibilita que otros 1000 bachilleres se preparen y mejoren sus conocimientos b\u00e1sicos con el fin de competir para el ingreso a las carreras universitarias que ofrece la instituci\u00f3n.<\/p>\n<p>La profesora Claudia Mar\u00eda Pay\u00e1n Villamizar, titular de la Direcci\u00f3n de Autoevaluaci\u00f3n y Calidad Acad\u00e9mica DACA, present\u00f3 detalles sobre el proceso de acreditaci\u00f3n que adelanta la universidad en la b\u00fasqueda de dar continuidad a este requisito de calidad para el per\u00edodo 2024-2033. La universidad se encuentra acreditada desde el 2005 y adelanta actualmente, con toda su comunidad acad\u00e9mica, procesos de sensibilizaci\u00f3n y actualizaci\u00f3n con el fin de alcanzar este logro institucional.<\/p>\n<p>Sobre los factores que inciden en la deserci\u00f3n estudiantil, tanto el rector Varela como el vicerrector de Bienestar Universitario, Guillermo Murillo Vargas se\u00f1alaron que la principal causa de dicha deserci\u00f3n corresponde a situaciones de bajo rendimiento acad\u00e9mico y no -como en muchas ocasiones se piensa- a situaciones de car\u00e1cter econ\u00f3mico. Lo anterior, teniendo en cuenta la pol\u00edtica de gratuidad para estratos 1, 2 y 3 y que los estudiantes que pagan matr\u00edcula asumen costos que no superan los $500.000 semestrales.<\/p>\n<p>Frente a los aportes que la universidad realiza a distintos procesos sociales, culturales y deportivos que se cumplen en la regi\u00f3n, el profesor Edgar Varela destac\u00f3 la participaci\u00f3n de la Universidad del Valle en la cofinanciaci\u00f3n de la Orquesta Filarm\u00f3nica del Valle en alianza con Proartes. De igual forma record\u00f3 que la universidad es cofundadora y realiza desde hace seis a\u00f1os junto con la Fundaci\u00f3n Spiwak y la Alcald\u00eda de Cali, la Feria Internacional del Libro de Cali que en su \u00faltima edici\u00f3n cont\u00f3 con m\u00e1s de 200 mil visitantes.<\/p>\n<p>En materia deportiva la universidad viene adelantando, entre otras alianzas, su participaci\u00f3n en la agenda de eventos y reforzamiento al voluntariado del Mundial de Atletismo Junior 2022 que tendr\u00e1 lugar en agosto. Tambi\u00e9n estuvo presente con m\u00e1s de 800 estudiantes en las actividades de apoyo de los pasados Juegos Panamericanos Junior realizados recientemente en Cali. Mencion\u00f3 la participaci\u00f3n de la universidad y sus distintos grupos culturales en la 64\u00aa Feria de Cali que marc\u00f3 el inicio de la vinculaci\u00f3n institucional con este tradicional evento, una alianza que, dijo, se espera perdure y se fortalezca con el paso de los a\u00f1os.<\/p>\n<p>Al referirse al desarrollo de las actividades acad\u00e9micas inform\u00f3 que se vienen ampliando todos los procesos de presencialidad y que se promover\u00e1 que los estudiantes asistan a los campus universitarios por cuanto ello garantiza un proceso formativo de mejor calidad y posibilita que los estudiantes se concentren m\u00e1s en sus estudios. Se prev\u00e9 que el semestre I de 2022 tenga inicio en abril y empate en agosto con el semestre II a fin de que el calendario acad\u00e9mico se pueda actualizar y estabilizar.<\/p>\n<p>El profesor Varela tambi\u00e9n mencion\u00f3 el balance positivo en relaci\u00f3n con la ubicaci\u00f3n de Univalle en diversos rankings como una de las m\u00e1s reconocidas universidades latinoamericanas, tambi\u00e9n su ubicaci\u00f3n por seis a\u00f1os consecutivos como la tercera en investigaci\u00f3n a nivel nacional.<\/p>\n<\/div>\n","protected":false},"excerpt":{"rendered":"<p>Agencia de Noticias Univalle Una amplia presentaci\u00f3n de los actuales desarrollos y avances en materia de cobertura, calidad educativa, regionalizaci\u00f3n y proyecci\u00f3n investigativa de la Universidad del Valle present\u00f3 el rector de la Universidad del Valle Edgar Varela Barrios ante representantes de los medios de comunicaci\u00f3n de la regi\u00f3n. En[&#8230;]<\/p>\n","protected":false},"author":1,"featured_media":22441,"comment_status":"open","ping_status":"open","sticky":false,"template":"","format":"standard","meta":{"footnotes":""},"categories":[4],"tags":[],"_links":{"self":[{"href":"https:\/\/emisora.univalle.edu.co\/index.php\/wp-json\/wp\/v2\/posts\/22440"}],"collection":[{"href":"https:\/\/emisora.univalle.edu.co\/index.php\/wp-json\/wp\/v2\/posts"}],"about":[{"href":"https:\/\/emisora.univalle.edu.co\/index.php\/wp-json\/wp\/v2\/types\/post"}],"author":[{"embeddable":true,"href":"https:\/\/emisora.univalle.edu.co\/index.php\/wp-json\/wp\/v2\/users\/1"}],"replies":[{"embeddable":true,"href":"https:\/\/emisora.univalle.edu.co\/index.php\/wp-json\/wp\/v2\/comments?post=22440"}],"version-history":[{"count":1,"href":"https:\/\/emisora.univalle.edu.co\/index.php\/wp-json\/wp\/v2\/posts\/22440\/revisions"}],"predecessor-version":[{"id":22442,"href":"https:\/\/emisora.univalle.edu.co\/index.php\/wp-json\/wp\/v2\/posts\/22440\/revisions\/22442"}],"wp:featuredmedia":[{"embeddable":true,"href":"https:\/\/emisora.univalle.edu.co\/index.php\/wp-json\/wp\/v2\/media\/22441"}],"wp:attachment":[{"href":"https:\/\/emisora.univalle.edu.co\/index.php\/wp-json\/wp\/v2\/media?parent=22440"}],"wp:term":[{"taxonomy":"category","embeddable":true,"href":"https:\/\/emisora.univalle.edu.co\/index.php\/wp-json\/wp\/v2\/categories?post=22440"},{"taxonomy":"post_tag","embeddable":true,"href":"https:\/\/emisora.univalle.edu.co\/index.php\/wp-json\/wp\/v2\/tags?post=22440"}],"curies":[{"name":"wp","href":"https:\/\/api.w.org\/{rel}","templated":true}]}}