{"id":22449,"date":"2022-03-22T14:03:24","date_gmt":"2022-03-22T19:03:24","guid":{"rendered":"https:\/\/emisora.univalle.edu.co\/?p=22449"},"modified":"2022-03-22T14:03:59","modified_gmt":"2022-03-22T19:03:59","slug":"univalle-distingue-a-los-mejores","status":"publish","type":"post","link":"https:\/\/emisora.univalle.edu.co\/index.php\/univalle-distingue-a-los-mejores\/","title":{"rendered":"Univalle distingue a los mejores"},"content":{"rendered":"<p>Reunidos en el auditorio de la Biblioteca Mario Carvajal de la Universidad del Valle, egresados y directores de los programas acad\u00e9micos galardonados durante los \u2019Premios Otto de Greiff\u2019 y \u2018La Noche de los Mejores\u2019 (en sus versiones de los a\u00f1os 2020 y 2021), recibieron por parte de la Vicerrector\u00eda Acad\u00e9mica medallas y distinciones que fueron impartidas de manera presencial.<\/p>\n<p>\u2018El Concurso Nacional Otto de Greiff\u2019 es un certamen creado por la Universidad Nacional de Colombia del que participan de manera conjunta varias universidades del pa\u00eds, con el fin de fortalecer las relaciones entre Instituciones de Educaci\u00f3n Superior, as\u00ed como para promover la investigaci\u00f3n y la conformaci\u00f3n de comunidades acad\u00e9micas.<\/p>\n<p>Por otro lado, \u2018La Noche de los Mejores\u2019 es el evento de reconocimiento a la excelencia acad\u00e9mica que adelanta anualmente el Ministerio de Educaci\u00f3n, otorgando premios y distinciones \u201ca los actores del sector educativo que se han destacado por su sobresaliente desempe\u00f1o en sus respectivos campos\u201d.<\/p>\n<p>\u201cEn estos dos a\u00f1os, la Universidad del Valle recibi\u00f3 por parte de \u2018La Noche de los Mejores\u2019 17 reconocimientos, cantidad considerable de galardones que se entregaron para programas de tecnolog\u00eda, maestr\u00eda y doctorado. Tambi\u00e9n obtuvimos tres distinciones en los premios \u2018Otto de Greiff\u2019 que se otorga a estudiantes de pregrado, los cuales se postulan con sus trabajos de investigaci\u00f3n\u201d, explica la vicerrectora acad\u00e9mica Liliana Arias Castillo, quien presidi\u00f3 la ceremonia de distinci\u00f3n en compa\u00f1\u00eda de Claudia Mar\u00eda Pay\u00e1n, directora de la Direcci\u00f3n de Autoevaluaci\u00f3n y Calidad Acad\u00e9mica &#8211; DACA.<\/p>\n<p>La Vicerrectora tambi\u00e9n se\u00f1ala que este a\u00f1o la Universidad del Valle ser\u00e1 la anfitriona del concurso \u2018Otto de Greiff\u2019 por lo cual \u201canimamos a nuestros estudiantes, as\u00ed como a los jefes de programa y decanos para que se sumen al certamen, y as\u00ed, obtener muchos m\u00e1s reconocimientos a la Alta Calidad de la educaci\u00f3n superior que ostenta la Universidad del Valle\u201d.<\/p>\n<p>Estos fueron los<strong>\u00a0programas acad\u00e9micos<\/strong>\u00a0de la Universidad del Valle que fueron distinguidos por el Ministerio de Educaci\u00f3n durante la\u00a0<strong>\u2018Noche de los Mejores\u2019 en sus ediciones para los a\u00f1os 2020 y 2021<\/strong>:<\/p>\n<p><strong>2020:<\/strong><br \/>\n1. Maestr\u00eda en salud p\u00fablica<br \/>\n2. Maestr\u00eda en epidemiolog\u00eda<br \/>\n3. Especializaci\u00f3n En neurocirug\u00eda<br \/>\n4. Especializaci\u00f3n En urolog\u00eda<br \/>\n5. Dise\u00f1o gr\u00e1fico<br \/>\n6. Comercio Exterior<\/p>\n<p><strong>2021:<\/strong><br \/>\n1. Doctorado en Ciencias Biom\u00e9dicas<br \/>\n2. Doctorado en Ciencias, Matem\u00e1ticas<br \/>\n3. Maestr\u00eda en Salud Ocupacional<br \/>\n4. Maestr\u00eda en Administraci\u00f3n en Salud<br \/>\n5. Maestr\u00eda en Desarrollo Sustentable<br \/>\n6. Especializaci\u00f3n en ortopedia y traumatolog\u00eda<br \/>\n7. Especializaci\u00f3n en oftalmolog\u00eda<br \/>\n8. Especializaci\u00f3n en Ginecolog\u00eda y Obstetricia<br \/>\n9. Especializaci\u00f3n en Anatom\u00eda patol\u00f3gica y patolog\u00eda cl\u00ednica<br \/>\n10. Especializaci\u00f3n en Anestesiolog\u00eda y Reanimaci\u00f3n<br \/>\n11. Tecnolog\u00eda en Procesamiento de los alimentos<\/p>\n<p>&nbsp;<\/p>\n<p>Expuesto lo anterior, se relacionan ahora los proyectos investigativos que fueron galardonados por la Universidad Nacional de Colombia, mediante el<strong>\u00a0concurso \u2018Otto de Greiff\u2019<\/strong>:<\/p>\n<p><strong>2020:<\/strong><\/p>\n<p>Autor: Mar\u00eda Fernanda Urbano L\u00f3pez<br \/>\nPrograma Acad\u00e9mico: Lic. Literatura<br \/>\nMenci\u00f3n: Meritoria<br \/>\nNombre del trabajo de grado: Amalgama de fragmentos de un poema infinito: posmodernidad, g\u00e9neros literarios y fanfiction<br \/>\nPuesto: No. 1<\/p>\n<p>Autores: H\u00e9ctor Sebasti\u00e1n Calder\u00f3n Erazo, Eduardo Jos\u00e9 Calder\u00f3n Ortiz, Katherine L\u00f3pez Cruces, Lizeth Alejandra Mart\u00ednez Montilla<br \/>\nPrograma Acad\u00e9mico: Fisioterapia<br \/>\nMenci\u00f3n: Meritoria<br \/>\nNombre del trabajo de grado: Efectividad de realidad virtual para entrenar balance y prevenir ca\u00eddas del adulto mayor: Revisi\u00f3n sistem\u00e1tica<br \/>\nPuesto: No. 3<\/p>\n<p><strong>2021:<\/strong><\/p>\n<p>Autores: Valeria Torres Salazar, Mar\u00eda Ang\u00e9lica Echeverry y Daniel Piedrahita<br \/>\nPrograma Acad\u00e9mico: Arquitectura<br \/>\nMenci\u00f3n: Laureada<br \/>\nNombre del trabajo de grado: Manual de capacitaci\u00f3n para la ocupaci\u00f3n y construcci\u00f3n del h\u00e1bitat rural, caso Buenos Aires Cauca<br \/>\nPuesto: No. 2<\/p>\n<p><img loading=\"lazy\" decoding=\"async\" class=\"aligncenter\" src=\"http:\/\/drive.google.com\/uc?export=view&amp;id=1pd7IbzC7zdJt0QlXl9vwIchc9_4Dhs7s\" alt=\"\" width=\"600\" height=\"400\" \/><\/p>\n<p>&nbsp;<\/p>\n<p>Daniel Cuartas, director de la Escuela de Salud P\u00fablica, una de las unidades acad\u00e9micas que recibi\u00f3 distinciones en la \u2018Noche de los Mejores\u2019, explica que obtener la acreditaci\u00f3n de alta calidad \u201csignific\u00f3 un gran reto. Hoy, tanto la Maestr\u00eda en Epidemiolog\u00eda en Salud P\u00fablica, en Administraci\u00f3n en Salud y en Salud Ocupacional, cuentan con acreditaci\u00f3n de alta calidad desde los cuatro hasta los siete a\u00f1os. Este trabajo se realiz\u00f3 con la colaboraci\u00f3n de m\u00faltiples profesores y \u00e1reas, lo cual es para nosotros es muy importante, ya que representa ese ejercicio continuo de mejoramiento que tenemos en nuestros programas y esas ganas de trabajar y aportar a la sociedad desde lo que concebimos como Salud P\u00fablica\u201d.<\/p>\n<p>De igual manera, el director de la Escuela de Salud P\u00fablica se\u00f1ala que tras obtener el galard\u00f3n \u201cel trabajo contin\u00faa, porque hemos identificado acciones de mejora que debemos adelantar, lo cual implica desarrollar un plan de mejora y ponerlo en marcha. Actualmente los cuatro programas estamos en ese ejercicio, colocando en marcha la estrategia de mejoramiento, porque estos procesos de acreditaci\u00f3n de alta calidad son continuos y no podemos detenernos una vez obtenido el reconocimiento\u201d.<\/p>\n<p>El premio \u2018Otto de Greiff\u2019, que convoca anualmente la Universidad Nacional de Colombia, eval\u00faa los mejores trabajos de grado de pregrado, realizados en el a\u00f1o anterior a la convocatoria del concurso. El objetivo es resaltar y estimular aquellos trabajos de grado que por su calidad merecen el reconocimiento de la comunidad acad\u00e9mica, con el fin de promover la actividad investigativa de los nuevos profesionales.<\/p>\n<p>\u201cEl nuestro es un proyecto de arquitectura que pretende crear un manual para el municipio de Buenos Aires en el Cauca, con el cual se pretende, a partir de las ideas que contiene la arquitectura, vincular a toda la comunidad para que ellos mismos, a trav\u00e9s del uso del manual, puedan desarrollar proyectos de vivienda\u201d, explica Maria Ang\u00e9lica Echeverri, egresada del programa acad\u00e9mico de Arquitectura, quien en compa\u00f1\u00eda de Valeria Torres Salazar y Daniel Piedrahita, obtuvieron menci\u00f3n laureada en su paso por el concurso \u2018Otto de Greiff\u2019.<\/p>\n","protected":false},"excerpt":{"rendered":"<p>Reunidos en el auditorio de la Biblioteca Mario Carvajal de la Universidad del Valle, egresados y directores de los programas acad\u00e9micos galardonados durante los \u2019Premios Otto de Greiff\u2019 y \u2018La Noche de los Mejores\u2019 (en sus versiones de los a\u00f1os 2020 y 2021), recibieron por parte de la Vicerrector\u00eda Acad\u00e9mica[&#8230;]<\/p>\n","protected":false},"author":1,"featured_media":22450,"comment_status":"open","ping_status":"open","sticky":false,"template":"","format":"standard","meta":{"footnotes":""},"categories":[4],"tags":[],"_links":{"self":[{"href":"https:\/\/emisora.univalle.edu.co\/index.php\/wp-json\/wp\/v2\/posts\/22449"}],"collection":[{"href":"https:\/\/emisora.univalle.edu.co\/index.php\/wp-json\/wp\/v2\/posts"}],"about":[{"href":"https:\/\/emisora.univalle.edu.co\/index.php\/wp-json\/wp\/v2\/types\/post"}],"author":[{"embeddable":true,"href":"https:\/\/emisora.univalle.edu.co\/index.php\/wp-json\/wp\/v2\/users\/1"}],"replies":[{"embeddable":true,"href":"https:\/\/emisora.univalle.edu.co\/index.php\/wp-json\/wp\/v2\/comments?post=22449"}],"version-history":[{"count":2,"href":"https:\/\/emisora.univalle.edu.co\/index.php\/wp-json\/wp\/v2\/posts\/22449\/revisions"}],"predecessor-version":[{"id":22452,"href":"https:\/\/emisora.univalle.edu.co\/index.php\/wp-json\/wp\/v2\/posts\/22449\/revisions\/22452"}],"wp:featuredmedia":[{"embeddable":true,"href":"https:\/\/emisora.univalle.edu.co\/index.php\/wp-json\/wp\/v2\/media\/22450"}],"wp:attachment":[{"href":"https:\/\/emisora.univalle.edu.co\/index.php\/wp-json\/wp\/v2\/media?parent=22449"}],"wp:term":[{"taxonomy":"category","embeddable":true,"href":"https:\/\/emisora.univalle.edu.co\/index.php\/wp-json\/wp\/v2\/categories?post=22449"},{"taxonomy":"post_tag","embeddable":true,"href":"https:\/\/emisora.univalle.edu.co\/index.php\/wp-json\/wp\/v2\/tags?post=22449"}],"curies":[{"name":"wp","href":"https:\/\/api.w.org\/{rel}","templated":true}]}}