{"id":22453,"date":"2022-03-30T09:56:17","date_gmt":"2022-03-30T14:56:17","guid":{"rendered":"https:\/\/emisora.univalle.edu.co\/?p=22453"},"modified":"2022-03-30T09:56:17","modified_gmt":"2022-03-30T14:56:17","slug":"se-aprueba-creacion-de-programa-de-derecho","status":"publish","type":"post","link":"https:\/\/emisora.univalle.edu.co\/index.php\/se-aprueba-creacion-de-programa-de-derecho\/","title":{"rendered":"Se aprueba creaci\u00f3n de programa de Derecho"},"content":{"rendered":"<p><span class=\"authorPost\">Agencia de Noticias Univalle<\/span><\/p>\n<div class=\"itemFullText\">\n<p>El Consejo Superior de la Universidad aprob\u00f3 la creaci\u00f3n del programa de Derecho con \u00e9nfasis en derecho p\u00fablico y administrativo. La iniciativa recibi\u00f3 el aval de los consejeros en la sesi\u00f3n de este \u00f3rgano directivo que se cumpli\u00f3 ayer, 28 de marzo, en la Gobernaci\u00f3n del Valle del Cauca y fue propuesta por el consejero Jes\u00fas Marino Ospina Mena, representante de la Presidencia de la Rep\u00fablica que dirige el Instituto Colombiano de Contrataci\u00f3n Estatal y Servicios P\u00fablicos &#8211; INCOES.<\/p>\n<p>El Consejo tambi\u00e9n determin\u00f3 que ser\u00e1 necesaria la apertura de una nueva unidad acad\u00e9mica para el funcionamiento de este programa.\u201cDespu\u00e9s de una larga deliberaci\u00f3n, consideramos que esta iniciativa requiere como condici\u00f3n la creaci\u00f3n de una nueva unidad acad\u00e9mica en la universidad, con cupos presupuestales para docentes nuevos que se encarguen de gestionar el programa de Derecho. En las distintas unidades acad\u00e9micas contamos con profesores con doctorados y maestr\u00edas en el \u00e1rea que puedan trasladarse o participar colaborativamente\u201d, se\u00f1al\u00f3 el rector Edgar Varela Barrios.<\/p>\n<p>Se prev\u00e9 que la Vicerrector\u00eda Acad\u00e9mica y la Vicerrector\u00eda Administrativa, con el acompa\u00f1amiento del Consejo Superior, trabajar\u00e1n en los pr\u00f3ximos meses en el ajuste de todos los tr\u00e1mites legales para la creaci\u00f3n de la nueva unidad acad\u00e9mica y la formulaci\u00f3n del programa de pregrado, una tarea que no iniciar\u00e1 desde cero, pues Univalle ha planteado en varias ocasiones la necesidad de esta oferta acad\u00e9mica.<\/p>\n<p>\u201cCon el aval del Consejo Superior, que se dio por mayor\u00eda de sus miembros, tenemos el camino despejado para que la Universidad salde una deuda con la sociedad colombiana: la de ser una gran universidad p\u00fablica que no tiene estudiantes de derecho, en este caso, con \u00e9nfasis en derecho p\u00fablico y administrativo\u201d, puntualiz\u00f3 el rector.<\/p>\n<p><img loading=\"lazy\" decoding=\"async\" class=\"aligncenter\" src=\"https:\/\/www.univalle.edu.co\/images\/WhatsApp_Image_20220329_at_15943_PM.jpeg\" width=\"600\" height=\"292\" \/><\/p>\n<\/div>\n","protected":false},"excerpt":{"rendered":"<p>Agencia de Noticias Univalle El Consejo Superior de la Universidad aprob\u00f3 la creaci\u00f3n del programa de Derecho con \u00e9nfasis en derecho p\u00fablico y administrativo. La iniciativa recibi\u00f3 el aval de los consejeros en la sesi\u00f3n de este \u00f3rgano directivo que se cumpli\u00f3 ayer, 28 de marzo, en la Gobernaci\u00f3n del[&#8230;]<\/p>\n","protected":false},"author":1,"featured_media":22454,"comment_status":"open","ping_status":"open","sticky":false,"template":"","format":"standard","meta":{"footnotes":""},"categories":[4],"tags":[],"_links":{"self":[{"href":"https:\/\/emisora.univalle.edu.co\/index.php\/wp-json\/wp\/v2\/posts\/22453"}],"collection":[{"href":"https:\/\/emisora.univalle.edu.co\/index.php\/wp-json\/wp\/v2\/posts"}],"about":[{"href":"https:\/\/emisora.univalle.edu.co\/index.php\/wp-json\/wp\/v2\/types\/post"}],"author":[{"embeddable":true,"href":"https:\/\/emisora.univalle.edu.co\/index.php\/wp-json\/wp\/v2\/users\/1"}],"replies":[{"embeddable":true,"href":"https:\/\/emisora.univalle.edu.co\/index.php\/wp-json\/wp\/v2\/comments?post=22453"}],"version-history":[{"count":1,"href":"https:\/\/emisora.univalle.edu.co\/index.php\/wp-json\/wp\/v2\/posts\/22453\/revisions"}],"predecessor-version":[{"id":22455,"href":"https:\/\/emisora.univalle.edu.co\/index.php\/wp-json\/wp\/v2\/posts\/22453\/revisions\/22455"}],"wp:featuredmedia":[{"embeddable":true,"href":"https:\/\/emisora.univalle.edu.co\/index.php\/wp-json\/wp\/v2\/media\/22454"}],"wp:attachment":[{"href":"https:\/\/emisora.univalle.edu.co\/index.php\/wp-json\/wp\/v2\/media?parent=22453"}],"wp:term":[{"taxonomy":"category","embeddable":true,"href":"https:\/\/emisora.univalle.edu.co\/index.php\/wp-json\/wp\/v2\/categories?post=22453"},{"taxonomy":"post_tag","embeddable":true,"href":"https:\/\/emisora.univalle.edu.co\/index.php\/wp-json\/wp\/v2\/tags?post=22453"}],"curies":[{"name":"wp","href":"https:\/\/api.w.org\/{rel}","templated":true}]}}