{"id":22459,"date":"2022-04-06T08:46:01","date_gmt":"2022-04-06T13:46:01","guid":{"rendered":"https:\/\/emisora.univalle.edu.co\/?p=22459"},"modified":"2022-04-06T08:46:01","modified_gmt":"2022-04-06T13:46:01","slug":"volvimos-a-la-presencialidad","status":"publish","type":"post","link":"https:\/\/emisora.univalle.edu.co\/index.php\/volvimos-a-la-presencialidad\/","title":{"rendered":"\u00a1Volvimos a la presencialidad!"},"content":{"rendered":"<p>Agencia de Noticias Univalle<br \/>\nEl mes de marzo de 2020 trajo consigo un cambio radical en la forma en que viv\u00edamos la Universidad al trasladar todas sus actividades al campo virtual. Hoy, despu\u00e9s de dos a\u00f1os, los miembros de la comunidad universitaria nos volvemos a encontrar en todos los campus para dar la bienvenida y celebrar el inicio de un nuevo semestre en presencialidad total.<\/p>\n<p>\u201cA partir del d\u00eda de hoy todas las sedes de la Universidad del Valle estar\u00e1n en un modo presencial similar a los tiempos prepand\u00e9micos\u201d; es decir, no habr\u00e1 conectividad para clases virtuales simult\u00e1neas con las presenciales, sino que las actividades virtuales ser\u00e1n complementarias al trabajo en clase\u201d, explic\u00f3 el rector de la Universidad del Valle Edgar Varela Barrios.<\/p>\n<p>Para brindar garant\u00edas en el desarrollo de dichas actividades por parte de los estudiantes, la Direcci\u00f3n Universitaria continuar\u00e1 con los apoyos de conectividad y pr\u00e9stamo de equipos de c\u00f3mputo implementados durante la pandemia. \u201cLos estudiantes seguir\u00e1n con sus tabletas y con servicio de conexi\u00f3n a internet para hacer el trabajo colaborativo tanto dentro de las aulas como por fuera de estas\u201d, complement\u00f3 el profesor Varela.<\/p>\n<p>Para cumplir con las regulaciones de bioseguridad establecidas por los Ministerios de Educaci\u00f3n y Salud, la Universidad exigir\u00e1 el uso de tapabocas dentro de los espacios cerrados -como salones de clase y auditorios-, mantendr\u00e1 en los campus dispositivos para el lavado y desinfecci\u00f3n de manos y continuar\u00e1 con las jornadas de vacunaci\u00f3n para toda la comunidad universitaria.<\/p>\n<p>\u201cContinuaremos con el uso obligatorio del tapabocas, el lavado y los dem\u00e1s protocolos de bioseguridad, pero no habr\u00e1 distanciamiento social. Gracias a los altos porcentajes de vacunaci\u00f3n dentro de la poblaci\u00f3n de la universidad, hemos dado un gran avance hacia la inmunizaci\u00f3n colectiva y nos acercamos a la normalidad\u201d, agreg\u00f3.<\/p>\n<p>Para garantizar las condiciones \u00f3ptimas de bioseguridad en las actividades presenciales, la Secci\u00f3n de Salud Ocupacional y la Vicerrector\u00eda de Bienestar Universitario har\u00e1n monitoreo constante de la aplicaci\u00f3n de las medidas.<\/p>\n<p>Finalmente, el rector Edgar Varela Barrios dio su testimonio sobre el primer d\u00eda de regreso total a la presencialidad. \u201cHe venido temprano al campus universitario y he visto miles de estudiantes. Los salones de clase est\u00e1n llenos como antes de la pandemia, y eso nos tiene muy contentos. Hoy mismo el servicio de restaurante universitario en Ciudad Universitaria produjo 3500 almuerzos para los estudiantes y empleados de las sedes de Cali. Despu\u00e9s de dos a\u00f1os muy dif\u00edciles que hemos tenido, es muy satisfactorio poder darles la bienvenida de nuevo a la Universidad del Valle\u201d.<\/p>\n","protected":false},"excerpt":{"rendered":"<p>Agencia de Noticias Univalle El mes de marzo de 2020 trajo consigo un cambio radical en la forma en que viv\u00edamos la Universidad al trasladar todas sus actividades al campo virtual. Hoy, despu\u00e9s de dos a\u00f1os, los miembros de la comunidad universitaria nos volvemos a encontrar en todos los campus[&#8230;]<\/p>\n","protected":false},"author":1,"featured_media":22460,"comment_status":"open","ping_status":"open","sticky":false,"template":"","format":"standard","meta":{"footnotes":""},"categories":[4],"tags":[],"_links":{"self":[{"href":"https:\/\/emisora.univalle.edu.co\/index.php\/wp-json\/wp\/v2\/posts\/22459"}],"collection":[{"href":"https:\/\/emisora.univalle.edu.co\/index.php\/wp-json\/wp\/v2\/posts"}],"about":[{"href":"https:\/\/emisora.univalle.edu.co\/index.php\/wp-json\/wp\/v2\/types\/post"}],"author":[{"embeddable":true,"href":"https:\/\/emisora.univalle.edu.co\/index.php\/wp-json\/wp\/v2\/users\/1"}],"replies":[{"embeddable":true,"href":"https:\/\/emisora.univalle.edu.co\/index.php\/wp-json\/wp\/v2\/comments?post=22459"}],"version-history":[{"count":1,"href":"https:\/\/emisora.univalle.edu.co\/index.php\/wp-json\/wp\/v2\/posts\/22459\/revisions"}],"predecessor-version":[{"id":22461,"href":"https:\/\/emisora.univalle.edu.co\/index.php\/wp-json\/wp\/v2\/posts\/22459\/revisions\/22461"}],"wp:featuredmedia":[{"embeddable":true,"href":"https:\/\/emisora.univalle.edu.co\/index.php\/wp-json\/wp\/v2\/media\/22460"}],"wp:attachment":[{"href":"https:\/\/emisora.univalle.edu.co\/index.php\/wp-json\/wp\/v2\/media?parent=22459"}],"wp:term":[{"taxonomy":"category","embeddable":true,"href":"https:\/\/emisora.univalle.edu.co\/index.php\/wp-json\/wp\/v2\/categories?post=22459"},{"taxonomy":"post_tag","embeddable":true,"href":"https:\/\/emisora.univalle.edu.co\/index.php\/wp-json\/wp\/v2\/tags?post=22459"}],"curies":[{"name":"wp","href":"https:\/\/api.w.org\/{rel}","templated":true}]}}