{"id":22466,"date":"2022-04-18T10:27:17","date_gmt":"2022-04-18T15:27:17","guid":{"rendered":"https:\/\/emisora.univalle.edu.co\/?p=22466"},"modified":"2022-04-18T10:27:17","modified_gmt":"2022-04-18T15:27:17","slug":"univalle-recibio-a-485-nuevos-beneficiarios-de-todas-y-todos-a-estudiar","status":"publish","type":"post","link":"https:\/\/emisora.univalle.edu.co\/index.php\/univalle-recibio-a-485-nuevos-beneficiarios-de-todas-y-todos-a-estudiar\/","title":{"rendered":"Univalle recibi\u00f3 a 485 nuevos beneficiarios de Todas y Todos a Estudiar"},"content":{"rendered":"<p><span class=\"authorPost\">Agencia de Noticias Univalle<\/span><\/p>\n<div class=\"itemFullText\">\n<p>La Estrategia Todas y Todos a estudiar dio la bienvenida a 485 nuevos beneficiarios de la L\u00ednea Talentos Egresados, quienes desde este lunes 4 de abril se incorporaron al Plan de Nivelaci\u00f3n Acad\u00e9mica de Univalle. El s\u00e1bado anterior, los j\u00f3venes participaron en una jornada de inducci\u00f3n que cont\u00f3 con recorridos por el campus de la Ciudad Universitaria de Mel\u00e9ndez, lo que para la\u00a0muchos tuvo un valor significativo al ser su primera experiencia en un espacio universitario.<\/p>\n<p>El evento de inducci\u00f3n se realiz\u00f3 en el Auditorio 3 de la Facultad de Ingenier\u00eda y dentro de su agenda incluy\u00f3 la formalizaci\u00f3n de la inscripci\u00f3n de estos j\u00f3venes en el programa, as\u00ed como la entrega de tabletas electr\u00f3nicas para dar inicio al proceso de nivelaci\u00f3n acad\u00e9mica que ofrece la Universidad con el fin de que mejoren los resultados de las Pruebas Saber 11\u00b0 y tengan mayores posibilidades de acceder a la educaci\u00f3n superior.<\/p>\n<p>La profesional de la Direcci\u00f3n de Extensi\u00f3n y Educaci\u00f3n Contin\u00faa Julieta Muriel indic\u00f3 que el prop\u00f3sito de este evento fue familiarizar a\u00a0los nuevos beneficiarios acerca de los objetivos del programa, \u201cse les presentaron los beneficios con los que cuentan y sus responsabilidades con la Universidad. Adem\u00e1s, se les brind\u00f3 informaci\u00f3n respecto a la malla acad\u00e9mica y al tipo formaci\u00f3n que recibir\u00e1n \u201d.<\/p>\n<p>El proceso formativo de Todas y Todos a Estudiar inici\u00f3 el pasado 14 de febrero, por lo que los j\u00f3venes reci\u00e9n incorporados tendr\u00e1n jornadas adicionales de preparaci\u00f3n para nivelarse con\u00a0quienes ingresaron previamente.<\/p>\n<p><img loading=\"lazy\" decoding=\"async\" class=\"aligncenter\" src=\"https:\/\/www.univalle.edu.co\/images\/Imagen1.jpg\" width=\"500\" height=\"323\" \/><\/p>\n<p>En el evento de inducci\u00f3n estuvieron presentes varios padres de familia y acudientes que acompa\u00f1aron a\u00a0los j\u00f3venes en la iniciaci\u00f3n de su proceso de preparaci\u00f3n. \u201cEste fue un espacio de di\u00e1logo con los estudiantes y sus acompa\u00f1antes respecto a sus expectativas con el programa. Adicionalmente, resolvimos inquietudes que ten\u00edan frente al modelo que estamos aplicando, en el que contamos con una amplia experiencia gracias a otras iniciativas exitosas que la Universidad llev\u00f3 a cabo entre el 2009 y el 2012\u201d, puntualiz\u00f3 la funcionaria de la Direcci\u00f3n de Extensi\u00f3n y Educaci\u00f3n Continua.<\/p>\n<p>Durante la inducci\u00f3n tambi\u00e9n se brind\u00f3 informaci\u00f3n respecto al acompa\u00f1amiento socioeducativo que hace parte de la estrategia y que est\u00e1 enfocado en apoyar a sus beneficiarios respecto a los retos que plantea este plan de nivelaci\u00f3n universitario, buscando garantizar el \u00e9xito y la permanencia en el proceso.<\/p>\n<\/div>\n","protected":false},"excerpt":{"rendered":"<p>Agencia de Noticias Univalle La Estrategia Todas y Todos a estudiar dio la bienvenida a 485 nuevos beneficiarios de la L\u00ednea Talentos Egresados, quienes desde este lunes 4 de abril se incorporaron al Plan de Nivelaci\u00f3n Acad\u00e9mica de Univalle. El s\u00e1bado anterior, los j\u00f3venes participaron en una jornada de inducci\u00f3n[&#8230;]<\/p>\n","protected":false},"author":1,"featured_media":22467,"comment_status":"open","ping_status":"open","sticky":false,"template":"","format":"standard","meta":{"footnotes":""},"categories":[4],"tags":[],"_links":{"self":[{"href":"https:\/\/emisora.univalle.edu.co\/index.php\/wp-json\/wp\/v2\/posts\/22466"}],"collection":[{"href":"https:\/\/emisora.univalle.edu.co\/index.php\/wp-json\/wp\/v2\/posts"}],"about":[{"href":"https:\/\/emisora.univalle.edu.co\/index.php\/wp-json\/wp\/v2\/types\/post"}],"author":[{"embeddable":true,"href":"https:\/\/emisora.univalle.edu.co\/index.php\/wp-json\/wp\/v2\/users\/1"}],"replies":[{"embeddable":true,"href":"https:\/\/emisora.univalle.edu.co\/index.php\/wp-json\/wp\/v2\/comments?post=22466"}],"version-history":[{"count":1,"href":"https:\/\/emisora.univalle.edu.co\/index.php\/wp-json\/wp\/v2\/posts\/22466\/revisions"}],"predecessor-version":[{"id":22468,"href":"https:\/\/emisora.univalle.edu.co\/index.php\/wp-json\/wp\/v2\/posts\/22466\/revisions\/22468"}],"wp:featuredmedia":[{"embeddable":true,"href":"https:\/\/emisora.univalle.edu.co\/index.php\/wp-json\/wp\/v2\/media\/22467"}],"wp:attachment":[{"href":"https:\/\/emisora.univalle.edu.co\/index.php\/wp-json\/wp\/v2\/media?parent=22466"}],"wp:term":[{"taxonomy":"category","embeddable":true,"href":"https:\/\/emisora.univalle.edu.co\/index.php\/wp-json\/wp\/v2\/categories?post=22466"},{"taxonomy":"post_tag","embeddable":true,"href":"https:\/\/emisora.univalle.edu.co\/index.php\/wp-json\/wp\/v2\/tags?post=22466"}],"curies":[{"name":"wp","href":"https:\/\/api.w.org\/{rel}","templated":true}]}}