{"id":22470,"date":"2022-04-19T16:27:05","date_gmt":"2022-04-19T21:27:05","guid":{"rendered":"https:\/\/emisora.univalle.edu.co\/?p=22470"},"modified":"2022-04-19T16:27:05","modified_gmt":"2022-04-19T21:27:05","slug":"nois-radio-el-sonido-univalle-hizo-eco-en-suiza","status":"publish","type":"post","link":"https:\/\/emisora.univalle.edu.co\/index.php\/nois-radio-el-sonido-univalle-hizo-eco-en-suiza\/","title":{"rendered":"No\u00eds Radio, el sonido Univalle hizo eco en Suiza"},"content":{"rendered":"<p>Agencia de Noticias Univalle<br \/>\nEl colectivo sonoro No\u00eds Radio, creado por egresados de la Escuela de Comunicaci\u00f3n Social de la Universidad del Valle, se present\u00f3 del 20 al 28 de marzo en el festival \u201cEl Caldo\u201d presentado en el Teatro Gessneralle en Z\u00farich, Suiza y curado por la artista colombiana Catalina Insignares.<\/p>\n<p>Para No\u00eds Radio, m\u00e1s all\u00e1 del extenso viaje espacial entre Cali y Z\u00farich, la experiencia con El Caldo implic\u00f3 un tr\u00e1nsito por el tiempo, debido a que las restricciones ocasionadas por la pandemia atrasaron su viaje durante dos a\u00f1os.<\/p>\n<p>\u201cLa invitaci\u00f3n llega en diciembre del 2019 por parte de la core\u00f3grafa y curadora Catalina Insignares. Sin embargo, lleg\u00f3 la pandemia. Y aunque en el 2021 tuvimos una versi\u00f3n virtual de El Caldo nuestro viaje solo se logra hasta marzo del 2022\u201d, expres\u00f3 la integrante de No\u00eds Radio Mar\u00eda Juliana Soto.<\/p>\n<p>El Caldo se construy\u00f3 como un lugar de pr\u00e1ctica de diferentes modos de vida anti coloniales y anticapitalistas en las artes pl\u00e1sticas desde la invitaci\u00f3n a participar, a la que No\u00eds respondi\u00f3 La nostalgioteca, un programa de radio en vivo transmitido durante una caminata en la que se intercambian sonidos con personas de la comunidad migrante latinoamericana, que acompa\u00f1an el transitar de los radialistas.<\/p>\n<p>De acuerdo con Mar\u00eda Juliana Soto \u201cen esta ocasi\u00f3n la pregunta que motivaba esta caminata y este programa de radio era los movimientos, especialmente los movimientos migratorios, los viajes, las huidas, los regresos, las traves\u00edas. Para nosotros esta experiencia fue muy especial porque pudimos habitar un teatro; no solo proponer un taller o un ejercicio, sino realmente estar all\u00ed. Fue tener la oportunidad de compartir con otros artistas muchas emociones, sensaciones, dolores, preguntas. Y me parece que las ideas que tra\u00edan los artistas no era que vi\u00e9ramos su performance -o en el caso nuestro, que la gente escuchara nuestros programas de radio-, sino que realmente pudi\u00e9ramos completar la experiencia sensible con el p\u00fablico que participaba\u201d.<\/p>\n<p>En ese sentido, de la misma forma en que No\u00eds Radio abri\u00f3 la participaci\u00f3n para sus espectadores (o caminantes), ellos tambi\u00e9n fueron invitados a la interacci\u00f3n con las propuestas de otros artistas donde actos como la observaci\u00f3n, la reflexi\u00f3n, la escucha, el desplazamiento, el habla y la transformaci\u00f3n de elementos hac\u00edan parte de las obras.<\/p>\n<p>\u201cAlgunas veces la invitaci\u00f3n era simplemente a concentrarse, a observar, a observarnos, a observar alg\u00fan objeto, a observar el agua. En otras ocasiones, nos invitaron a tejer, a caminar, a contar una historia, a hacer un ritual, a escuchar algo. A estar presentes\u201d, complement\u00f3 Mar\u00eda Juliana Soto.<\/p>\n<p>No\u00eds Radio es un colectivo sonoro nacido en el a\u00f1o 2009, en la Escuela de Comunicaci\u00f3n Social de la Universidad del Valle, interesado en la exploraci\u00f3n de los universos sonoros cotidianos y la creaci\u00f3n de experiencias centradas en la radio y el sonido.<\/p>\n<p>En su recorrido, los egresados Natalia Santa, Stephanie L\u00f3pez, Nathaly Espitia, C\u00e9sar Torres y Mar\u00eda Juliana Soto han producido programas de radio en vivo, performances radiof\u00f3nicos, ejercicios de escucha colectiva a trav\u00e9s de paseos, talleres y otras experiencias.<\/p>\n<p>\u00danete a esta caminata por La nostalgioteca aqu\u00ed.<\/p>\n","protected":false},"excerpt":{"rendered":"<p>Agencia de Noticias Univalle El colectivo sonoro No\u00eds Radio, creado por egresados de la Escuela de Comunicaci\u00f3n Social de la Universidad del Valle, se present\u00f3 del 20 al 28 de marzo en el festival \u201cEl Caldo\u201d presentado en el Teatro Gessneralle en Z\u00farich, Suiza y curado por la artista colombiana[&#8230;]<\/p>\n","protected":false},"author":1,"featured_media":22471,"comment_status":"open","ping_status":"open","sticky":false,"template":"","format":"standard","meta":{"footnotes":""},"categories":[4],"tags":[],"_links":{"self":[{"href":"https:\/\/emisora.univalle.edu.co\/index.php\/wp-json\/wp\/v2\/posts\/22470"}],"collection":[{"href":"https:\/\/emisora.univalle.edu.co\/index.php\/wp-json\/wp\/v2\/posts"}],"about":[{"href":"https:\/\/emisora.univalle.edu.co\/index.php\/wp-json\/wp\/v2\/types\/post"}],"author":[{"embeddable":true,"href":"https:\/\/emisora.univalle.edu.co\/index.php\/wp-json\/wp\/v2\/users\/1"}],"replies":[{"embeddable":true,"href":"https:\/\/emisora.univalle.edu.co\/index.php\/wp-json\/wp\/v2\/comments?post=22470"}],"version-history":[{"count":1,"href":"https:\/\/emisora.univalle.edu.co\/index.php\/wp-json\/wp\/v2\/posts\/22470\/revisions"}],"predecessor-version":[{"id":22472,"href":"https:\/\/emisora.univalle.edu.co\/index.php\/wp-json\/wp\/v2\/posts\/22470\/revisions\/22472"}],"wp:featuredmedia":[{"embeddable":true,"href":"https:\/\/emisora.univalle.edu.co\/index.php\/wp-json\/wp\/v2\/media\/22471"}],"wp:attachment":[{"href":"https:\/\/emisora.univalle.edu.co\/index.php\/wp-json\/wp\/v2\/media?parent=22470"}],"wp:term":[{"taxonomy":"category","embeddable":true,"href":"https:\/\/emisora.univalle.edu.co\/index.php\/wp-json\/wp\/v2\/categories?post=22470"},{"taxonomy":"post_tag","embeddable":true,"href":"https:\/\/emisora.univalle.edu.co\/index.php\/wp-json\/wp\/v2\/tags?post=22470"}],"curies":[{"name":"wp","href":"https:\/\/api.w.org\/{rel}","templated":true}]}}