{"id":22475,"date":"2022-04-26T09:44:23","date_gmt":"2022-04-26T14:44:23","guid":{"rendered":"https:\/\/emisora.univalle.edu.co\/?p=22475"},"modified":"2022-04-26T09:44:23","modified_gmt":"2022-04-26T14:44:23","slug":"univalle-en-el-debate-hablemos-claro-del-pacifico","status":"publish","type":"post","link":"https:\/\/emisora.univalle.edu.co\/index.php\/univalle-en-el-debate-hablemos-claro-del-pacifico\/","title":{"rendered":"Univalle en el debate \u201cHablemos Claro del Pac\u00edfico\u201d"},"content":{"rendered":"<p><span class=\"authorPost\">Agencia de Noticias Univalle<\/span><\/p>\n<div class=\"itemFullText\">\n<p>Univalle hizo parte de las 22 instituciones organizadoras del debate \u2018Hablemos Claro del Pac\u00edfico\u2019, realizado ayer domingo 24 de abril en el Gran Sal\u00f3n del hotel Intercontinental de Cali y transmitido en vivo por Telepac\u00edfico, Univalle TV y las plataformas digitales de El Pa\u00eds, Diario Occidente, 90 Minutos, Blu Radio, RCN Radio y Caracol Radio.<\/p>\n<p>Los medios de comunicaci\u00f3n, la academia y los gremios empresariales de la regi\u00f3n se unieron para hacer posible este evento. Propacifico financi\u00f3\u00a0la iniciativa y convoc\u00f3 a los candidatos presidenciales para que compartieran sus propuestas para la regi\u00f3n del suroccidente colombiano. El debate dur\u00f3\u00a0dos horas y a \u00e9ste asistieron seis de los candidatos que aspiran a llegar a la Casa de Nari\u00f1o: Sergio Fajardo, Federico Guti\u00e9rrez, Ingrid Betancourt, Luis P\u00e9rez, Enrique G\u00f3mez y John Milton Rodr\u00edguez.<\/p>\n<p>El debate se enfoc\u00f3 en cuatro ejes tem\u00e1ticos: la seguridad, la econom\u00eda, la inversi\u00f3n social y la infraestructura. Las universidades vinculadas a la organizaci\u00f3n del evento brindaron asesor\u00eda acad\u00e9mica a trav\u00e9s de sus centros de pensamiento e investigaci\u00f3n para orientar la discusi\u00f3n.<\/p>\n<p>La Universidad San Buenaventura, Javeriana, Icesi, la Unidad de Acci\u00f3n Vallecaucana, el comit\u00e9 Intergremial, Asoca\u00f1a, la Andi, Fenalco, Acopi y la C\u00e1mara de Comercio de Cali hicieron parte de las instituciones que participaron en este ejercicio democr\u00e1tico previo a las elecciones presidenciales del 29 de mayo.<\/p>\n<\/div>\n","protected":false},"excerpt":{"rendered":"<p>Agencia de Noticias Univalle Univalle hizo parte de las 22 instituciones organizadoras del debate \u2018Hablemos Claro del Pac\u00edfico\u2019, realizado ayer domingo 24 de abril en el Gran Sal\u00f3n del hotel Intercontinental de Cali y transmitido en vivo por Telepac\u00edfico, Univalle TV y las plataformas digitales de El Pa\u00eds, Diario Occidente,[&#8230;]<\/p>\n","protected":false},"author":1,"featured_media":22476,"comment_status":"open","ping_status":"open","sticky":false,"template":"","format":"standard","meta":{"footnotes":""},"categories":[4],"tags":[],"_links":{"self":[{"href":"https:\/\/emisora.univalle.edu.co\/index.php\/wp-json\/wp\/v2\/posts\/22475"}],"collection":[{"href":"https:\/\/emisora.univalle.edu.co\/index.php\/wp-json\/wp\/v2\/posts"}],"about":[{"href":"https:\/\/emisora.univalle.edu.co\/index.php\/wp-json\/wp\/v2\/types\/post"}],"author":[{"embeddable":true,"href":"https:\/\/emisora.univalle.edu.co\/index.php\/wp-json\/wp\/v2\/users\/1"}],"replies":[{"embeddable":true,"href":"https:\/\/emisora.univalle.edu.co\/index.php\/wp-json\/wp\/v2\/comments?post=22475"}],"version-history":[{"count":1,"href":"https:\/\/emisora.univalle.edu.co\/index.php\/wp-json\/wp\/v2\/posts\/22475\/revisions"}],"predecessor-version":[{"id":22477,"href":"https:\/\/emisora.univalle.edu.co\/index.php\/wp-json\/wp\/v2\/posts\/22475\/revisions\/22477"}],"wp:featuredmedia":[{"embeddable":true,"href":"https:\/\/emisora.univalle.edu.co\/index.php\/wp-json\/wp\/v2\/media\/22476"}],"wp:attachment":[{"href":"https:\/\/emisora.univalle.edu.co\/index.php\/wp-json\/wp\/v2\/media?parent=22475"}],"wp:term":[{"taxonomy":"category","embeddable":true,"href":"https:\/\/emisora.univalle.edu.co\/index.php\/wp-json\/wp\/v2\/categories?post=22475"},{"taxonomy":"post_tag","embeddable":true,"href":"https:\/\/emisora.univalle.edu.co\/index.php\/wp-json\/wp\/v2\/tags?post=22475"}],"curies":[{"name":"wp","href":"https:\/\/api.w.org\/{rel}","templated":true}]}}