{"id":22528,"date":"2022-07-06T15:51:42","date_gmt":"2022-07-06T20:51:42","guid":{"rendered":"https:\/\/emisora.univalle.edu.co\/?p=22528"},"modified":"2022-07-06T15:51:42","modified_gmt":"2022-07-06T20:51:42","slug":"feria-de-la-diversidad","status":"publish","type":"post","link":"https:\/\/emisora.univalle.edu.co\/index.php\/feria-de-la-diversidad\/","title":{"rendered":"Feria de la Diversidad"},"content":{"rendered":"<p>La Feria de la Diversidad es un espacio l\u00fadico-cultural con el cual se quiere continuar haciendo visible la diversidad presente en los campus de la Universidad del Valle y reivindicar las vivencias de las personas con identidades de g\u00e9nero y orientaciones sexuales diversas. <\/p>\n<p>Esta feria tambi\u00e9n hizo parte de las actividades de celebraci\u00f3n del D\u00eda Internacional del Orgullo LGBTIQ+ y se llev\u00f3 a cabo en el pasillo central de la Facultad de Artes Integradas, sede Mel\u00e9ndez.<\/p>\n<p>\u201cEsta feria es muy importante para construir un espacio saludable y diverso para que las personas diversas y las personas trans, no abandonen la universidad por falta de un hogar en donde sentirse seguras y dignificadas\u201d explic\u00f3 V\u00edctor Manuel Pineda, trabajador social de Campus Diverso.<\/p>\n<p>En esta fecha se conmemoran 63 a\u00f1os de luchas continuas y determinadas por la reivindicaci\u00f3n de los derechos. Un d\u00eda para recordar a aquellas voces que han sido silenciadas y las vidas que han sido apagadas en medio de una cruzada por dignificar sus existencias, explic\u00f3 Pineda.<\/p>\n<p>Tambi\u00e9n se celebra la esencia, el arte, el valor potencial, el talento, la alegr\u00eda, la singularidad, la humanidad y la determinaci\u00f3n para vivir en medio de una sociedad que cuestiona, violenta, segrega y no valida su existencia desde el respeto por la diferencia.<\/p>\n<p>Durante la feria se desarrollaron actividades como: Danza Contempor\u00e1nea, Baile Vogue, Show Drag, Rap, Hip Hop, Danzas Folcl\u00f3ricas Carmen L\u00f3pez, Performance de Inclusi\u00f3n, Arte e invitados especiales.<\/p>\n<p>Adem\u00e1s, fue un espacio para que algunos estudiantes tuvieran la posibilidad de mostrar sus emprendimientos de accesorios, ropa, tatuajes en henna, sombreros, bebidas ancestrales, plantas, tejidos a mano, productos de cosm\u00e9ticos naturales, clases de maquillaje y mucho m\u00e1s.<\/p>\n<p>Campus Diverso trabaja a favor de la reeducaci\u00f3n, sensibilizaci\u00f3n y reconocimiento de las diversidades sexuales e identitarias, y coadyuva en la atenci\u00f3n de las problem\u00e1ticas que suelen vivenciar las personas con identidades de g\u00e9nero y orientaciones sexuales diversas.<\/p>\n<p>Esta feria fue organizada por el programa Campus Diverso de la Vicerrector\u00eda Acad\u00e9mica de la Universidad del Valle.<\/p>\n","protected":false},"excerpt":{"rendered":"<p>La Feria de la Diversidad es un espacio l\u00fadico-cultural con el cual se quiere continuar haciendo visible la diversidad presente en los campus de la Universidad del Valle y reivindicar las vivencias de las personas con identidades de g\u00e9nero y orientaciones sexuales diversas. Esta feria tambi\u00e9n hizo parte de las[&#8230;]<\/p>\n","protected":false},"author":1,"featured_media":22529,"comment_status":"open","ping_status":"open","sticky":false,"template":"","format":"standard","meta":{"footnotes":""},"categories":[4],"tags":[],"_links":{"self":[{"href":"https:\/\/emisora.univalle.edu.co\/index.php\/wp-json\/wp\/v2\/posts\/22528"}],"collection":[{"href":"https:\/\/emisora.univalle.edu.co\/index.php\/wp-json\/wp\/v2\/posts"}],"about":[{"href":"https:\/\/emisora.univalle.edu.co\/index.php\/wp-json\/wp\/v2\/types\/post"}],"author":[{"embeddable":true,"href":"https:\/\/emisora.univalle.edu.co\/index.php\/wp-json\/wp\/v2\/users\/1"}],"replies":[{"embeddable":true,"href":"https:\/\/emisora.univalle.edu.co\/index.php\/wp-json\/wp\/v2\/comments?post=22528"}],"version-history":[{"count":1,"href":"https:\/\/emisora.univalle.edu.co\/index.php\/wp-json\/wp\/v2\/posts\/22528\/revisions"}],"predecessor-version":[{"id":22530,"href":"https:\/\/emisora.univalle.edu.co\/index.php\/wp-json\/wp\/v2\/posts\/22528\/revisions\/22530"}],"wp:featuredmedia":[{"embeddable":true,"href":"https:\/\/emisora.univalle.edu.co\/index.php\/wp-json\/wp\/v2\/media\/22529"}],"wp:attachment":[{"href":"https:\/\/emisora.univalle.edu.co\/index.php\/wp-json\/wp\/v2\/media?parent=22528"}],"wp:term":[{"taxonomy":"category","embeddable":true,"href":"https:\/\/emisora.univalle.edu.co\/index.php\/wp-json\/wp\/v2\/categories?post=22528"},{"taxonomy":"post_tag","embeddable":true,"href":"https:\/\/emisora.univalle.edu.co\/index.php\/wp-json\/wp\/v2\/tags?post=22528"}],"curies":[{"name":"wp","href":"https:\/\/api.w.org\/{rel}","templated":true}]}}