{"id":22579,"date":"2022-08-22T15:20:52","date_gmt":"2022-08-22T20:20:52","guid":{"rendered":"https:\/\/emisora.univalle.edu.co\/?p=22579"},"modified":"2022-08-22T15:20:52","modified_gmt":"2022-08-22T20:20:52","slug":"karen-larrota-paez-es-orgullouv","status":"publish","type":"post","link":"https:\/\/emisora.univalle.edu.co\/index.php\/karen-larrota-paez-es-orgullouv\/","title":{"rendered":"Karen Larrota P\u00e1ez es #OrgulloUv"},"content":{"rendered":"<div class=\"m8h3af8h l7ghb35v kjdc1dyq kmwttqpk gh25dzvf n3t5jt4f\">\n<div dir=\"auto\"><a class=\"qi72231t nu7423ey n3hqoq4p r86q59rh b3qcqh3k fq87ekyn bdao358l fsf7x5fv rse6dlih s5oniofx m8h3af8h l7ghb35v kjdc1dyq kmwttqpk srn514ro oxkhqvkx rl78xhln nch0832m cr00lzj9 rn8ck1ys s3jn8y49 icdlwmnq cxfqmxzd d1w2l3lo tes86rjd\" tabindex=\"0\" role=\"link\" href=\"https:\/\/www.facebook.com\/hashtag\/orgullouv?__eep__=6&amp;__cft__[0]=AZXL64yJyvU2p2kOk-UrngwM10zrVJXolA_QVnf2lMZy9jdoYHoXLPVPTKCHA46gA9zMk1gp0ww3IVqQIpGK-60lfVnZEYsEyvmNrjEmfbJjYy_dFVzoz5QLqhI7rPHkVyNjGwnBqzCqYPIRdcuuyDIdDH-rVz2yy6HLJ4AFNfVEx1GHV9bB_UexYQsUy460XGT_tWupJrtgwZOADqlK8z3R&amp;__tn__=*NK-R\">#OrgulloUv<\/a> | Karen Larrota P\u00e1ez es contadora de @univallesedebuga y profesional en el \u00e1rea financiera de la coordinaci\u00f3n administrativa de la misma sede. Desde 2017 viene trabajando con la entrega y dedicaci\u00f3n que caracteriza a los univallunos de <span class=\"fxk3tzhb b2rh1bv3 gh55jysx m8h3af8h ewco64xe kjdc1dyq ms56khn7 bq6c9xl4 eohcrkr5 akh3l2rg\"><img loading=\"lazy\" decoding=\"async\" src=\"https:\/\/static.xx.fbcdn.net\/images\/emoji.php\/v9\/t6c\/1\/16\/2764.png\" alt=\"\u2764\ufe0f\" width=\"16\" height=\"16\" \/><\/span>.<\/div>\n<div dir=\"auto\"><\/div>\n<\/div>\n<div class=\"l7ghb35v kjdc1dyq kmwttqpk gh25dzvf jikcssrz n3t5jt4f\">\n<div dir=\"auto\">Karen tambi\u00e9n hace parte de los 274 funcionarios que pasaron de estar vinculados a las fundaciones de apoyo de <a class=\"qi72231t nu7423ey n3hqoq4p r86q59rh b3qcqh3k fq87ekyn bdao358l fsf7x5fv rse6dlih s5oniofx m8h3af8h l7ghb35v kjdc1dyq kmwttqpk srn514ro oxkhqvkx rl78xhln nch0832m cr00lzj9 rn8ck1ys s3jn8y49 icdlwmnq cxfqmxzd d1w2l3lo tes86rjd\" tabindex=\"0\" role=\"link\" href=\"https:\/\/www.facebook.com\/hashtag\/univalle?__eep__=6&amp;__cft__[0]=AZXL64yJyvU2p2kOk-UrngwM10zrVJXolA_QVnf2lMZy9jdoYHoXLPVPTKCHA46gA9zMk1gp0ww3IVqQIpGK-60lfVnZEYsEyvmNrjEmfbJjYy_dFVzoz5QLqhI7rPHkVyNjGwnBqzCqYPIRdcuuyDIdDH-rVz2yy6HLJ4AFNfVEx1GHV9bB_UexYQsUy460XGT_tWupJrtgwZOADqlK8z3R&amp;__tn__=*NK-R\">#Univalle<\/a> a tener contrataci\u00f3n directa con la universidad, en el marco del programa de fortalecimiento del Sistema de Regionalizaci\u00f3n.<\/div>\n<\/div>\n<p><iframe loading=\"lazy\" style=\"border: none; overflow: hidden;\" src=\"https:\/\/www.facebook.com\/plugins\/video.php?height=314&amp;href=https%3A%2F%2Fwww.facebook.com%2Funiversidaddelvalle%2Fvideos%2F463467162078771%2F&amp;show_text=false&amp;width=560&amp;t=0\" width=\"560\" height=\"314\" frameborder=\"0\" scrolling=\"no\" allowfullscreen=\"allowfullscreen\"><\/iframe><\/p>\n","protected":false},"excerpt":{"rendered":"<p>#OrgulloUv | Karen Larrota P\u00e1ez es contadora de @univallesedebuga y profesional en el \u00e1rea financiera de la coordinaci\u00f3n administrativa de la misma sede. Desde 2017 viene trabajando con la entrega y dedicaci\u00f3n que caracteriza a los univallunos de . Karen tambi\u00e9n hace parte de los 274 funcionarios que pasaron de[&#8230;]<\/p>\n","protected":false},"author":1,"featured_media":22580,"comment_status":"open","ping_status":"open","sticky":false,"template":"","format":"standard","meta":{"footnotes":""},"categories":[4],"tags":[],"_links":{"self":[{"href":"https:\/\/emisora.univalle.edu.co\/index.php\/wp-json\/wp\/v2\/posts\/22579"}],"collection":[{"href":"https:\/\/emisora.univalle.edu.co\/index.php\/wp-json\/wp\/v2\/posts"}],"about":[{"href":"https:\/\/emisora.univalle.edu.co\/index.php\/wp-json\/wp\/v2\/types\/post"}],"author":[{"embeddable":true,"href":"https:\/\/emisora.univalle.edu.co\/index.php\/wp-json\/wp\/v2\/users\/1"}],"replies":[{"embeddable":true,"href":"https:\/\/emisora.univalle.edu.co\/index.php\/wp-json\/wp\/v2\/comments?post=22579"}],"version-history":[{"count":1,"href":"https:\/\/emisora.univalle.edu.co\/index.php\/wp-json\/wp\/v2\/posts\/22579\/revisions"}],"predecessor-version":[{"id":22581,"href":"https:\/\/emisora.univalle.edu.co\/index.php\/wp-json\/wp\/v2\/posts\/22579\/revisions\/22581"}],"wp:featuredmedia":[{"embeddable":true,"href":"https:\/\/emisora.univalle.edu.co\/index.php\/wp-json\/wp\/v2\/media\/22580"}],"wp:attachment":[{"href":"https:\/\/emisora.univalle.edu.co\/index.php\/wp-json\/wp\/v2\/media?parent=22579"}],"wp:term":[{"taxonomy":"category","embeddable":true,"href":"https:\/\/emisora.univalle.edu.co\/index.php\/wp-json\/wp\/v2\/categories?post=22579"},{"taxonomy":"post_tag","embeddable":true,"href":"https:\/\/emisora.univalle.edu.co\/index.php\/wp-json\/wp\/v2\/tags?post=22579"}],"curies":[{"name":"wp","href":"https:\/\/api.w.org\/{rel}","templated":true}]}}