{"id":3210,"date":"2015-04-27T15:06:44","date_gmt":"2015-04-27T20:06:44","guid":{"rendered":"https:\/\/emisora.univalle.edu.co\/\/?p=3210"},"modified":"2015-04-27T15:06:44","modified_gmt":"2015-04-27T20:06:44","slug":"univalle-celebra-dia-internacional-de-la-danza","status":"publish","type":"post","link":"https:\/\/emisora.univalle.edu.co\/index.php\/univalle-celebra-dia-internacional-de-la-danza\/","title":{"rendered":"Univalle celebra D\u00eda Internacional de la Danza"},"content":{"rendered":"<p>El pr\u00f3ximo 29 de abril, el Departamento de Artes Esc\u00e9nicas de la Universidad del Valle se une a la celebraci\u00f3n del D\u00eda Internacional de la Danza, con el evento \u201cBaila la U\u201d.<\/p>\n<p>Con este evento se hace apertura del programa acad\u00e9mico de Licenciatura en Danza Cl\u00e1sica de la Facultad de Artes Integradas y la reapertura de la reci\u00e9n remodelada Sala de Teatro Univalle.<\/p>\n<p>La programaci\u00f3n de \u201cBaila la U\u201d incluye talleres, conversatorios, proyecciones de video-danza y un \u201cBailadero\u201d con m\u00fasica en vivo. Los participantes disfrutar\u00e1n del contacto con diferentes maestros, ritmos y tendencias de la danza. Todos los eventos son gratuitos y dirigidos a la comunidad en general.<\/p>\n<p>Con la coordinaci\u00f3n general de la maestra Genny Cuervo, estar\u00e1n como invitados especiales: Ang\u00e9lica Nieto Cruz, Ofir Le\u00f3n, Arnold Taborda, Galia Berm\u00fadez y Andrea Bonilla.<\/p>\n<p>A partir de 1982, se celebra anualmente el D\u00eda Internacional de la Danza como una forma de atraer la atenci\u00f3n sobre este arte. Tambi\u00e9n se busca reunir a todos aquellos que han elegido la danza como medio de expresi\u00f3n para que, traspasando las barreras culturales, pol\u00edticas y \u00e9tnicas, celebren la danza y su diversidad.<\/p>\n<p><strong>Informes<\/strong>: Departamento de Artes Esc\u00e9nicas<\/p>\n<p>Tel. 321 2203.<\/p>\n<p><a href=\"http:\/\/escenicas.univalle.edu.co\/\">http:\/\/escenicas.univalle.edu.co\/<\/a><\/p>\n<p>&nbsp;<\/p>\n<p><strong>PROGRAMACI\u00d3N<\/strong><\/p>\n<p><strong>12:00 a 13:30.<\/strong>\u00a0Taller de danza contempor\u00e1nea \u201cRitmo ra\u00edz\u201d \u00a0impartido por Ang\u00e9lica Nieto Cruz. (Cupo limitado. Inscripci\u00f3n previa).<\/p>\n<p><strong>14:30 a 15:45.<\/strong>\u00a0Proyecci\u00f3n de videodanza \u00a0\u201cPara\u00edso\u201d y \u201cLa vuelta al mundo en 80 danzas\u201d, \u00a0material audiovisual facilitado por \u00a0la Alianza Colombo Francesa de Cali.<\/p>\n<p><strong>16:00 a 16: 15.<\/strong>\u00a0\u00a0Proyecto Carta Blanca, Estudiantes Licenciatura en Danza Cl\u00e1sica de Univalle, coordina Andrea Bonilla.<\/p>\n<p><strong>16:15 a 17:45.<\/strong>\u00a0Conversatorio \u201cDanza, educaci\u00f3n e inclusi\u00f3n social\u201d, con:<\/p>\n<ul>\n<li>Ofir Le\u00f3n, actriz, bailarina, docente y directora \u201cSignos teatro-danza\u201d \u00a0 \u00a0 \u00a0 \u00a0 \u00a0 \u00a0 \u00a0Charla \u201cDanza empoderamiento e inclusi\u00f3n social\u201d.<\/li>\n<li>Arnold Taborda, bailar\u00edn, core\u00f3grafo y docente \u00a0y director de Urban School y miembro del consejo internacional de danza de Jamaica. \u201cProceso de danza urbana con j\u00f3venes de la ciudad\u201d.<\/li>\n<li>Galia Berm\u00fadez, \u00a0Coordinadora General Escuela Valle en danza. \u201cEducaci\u00f3n art\u00edstica, un camino hacia la construcci\u00f3n de una nueva humanidad\u201d.<\/li>\n<li>Andrea Bonilla: Maestra en Artes Esc\u00e9nicas con \u00c9nfasis en Danza Contempor\u00e1nea. Especialista en Tendencias Contempor\u00e1neas de la Danza. Instituto Universitario Nacional de Arte (IUNA) \u2013 Buenos Aires, Argentina.<\/li>\n<\/ul>\n<p><strong>18:30 a 20:00.<\/strong>\u00a0\u00a0EL BAILADERO, \u00a0impartido por Ang\u00e9lica Nieto y Genny Cuervo. M\u00fasicos en vivo. (Cupo limitado. Inscripci\u00f3n previa)<\/p>\n<p>Lugar: Sala de Teatro Univalle<\/p>\n<p>Inscripciones: Secretar\u00eda del Departamento de Artes Esc\u00e9nicas (3 piso FAI- Univalle)<\/p>\n<p><a href=\"mailto:fai.danzaclasica@correounivalle.edu.co\">fai.danzaclasica@correounivalle.edu.co<\/a><\/p>\n<p>FUENTE: <b>Agencia de Noticias Univalle<\/b><\/p>\n","protected":false},"excerpt":{"rendered":"<p>El pr\u00f3ximo 29 de abril, el Departamento de Artes Esc\u00e9nicas de la Universidad del Valle se une a la celebraci\u00f3n del D\u00eda Internacional de la Danza, con el evento \u201cBaila la U\u201d. Con este evento se hace apertura del programa acad\u00e9mico de Licenciatura en Danza Cl\u00e1sica de la Facultad de[&#8230;]<\/p>\n","protected":false},"author":1,"featured_media":3211,"comment_status":"open","ping_status":"open","sticky":false,"template":"","format":"standard","meta":{"footnotes":""},"categories":[4],"tags":[],"_links":{"self":[{"href":"https:\/\/emisora.univalle.edu.co\/index.php\/wp-json\/wp\/v2\/posts\/3210"}],"collection":[{"href":"https:\/\/emisora.univalle.edu.co\/index.php\/wp-json\/wp\/v2\/posts"}],"about":[{"href":"https:\/\/emisora.univalle.edu.co\/index.php\/wp-json\/wp\/v2\/types\/post"}],"author":[{"embeddable":true,"href":"https:\/\/emisora.univalle.edu.co\/index.php\/wp-json\/wp\/v2\/users\/1"}],"replies":[{"embeddable":true,"href":"https:\/\/emisora.univalle.edu.co\/index.php\/wp-json\/wp\/v2\/comments?post=3210"}],"version-history":[{"count":1,"href":"https:\/\/emisora.univalle.edu.co\/index.php\/wp-json\/wp\/v2\/posts\/3210\/revisions"}],"predecessor-version":[{"id":3212,"href":"https:\/\/emisora.univalle.edu.co\/index.php\/wp-json\/wp\/v2\/posts\/3210\/revisions\/3212"}],"wp:featuredmedia":[{"embeddable":true,"href":"https:\/\/emisora.univalle.edu.co\/index.php\/wp-json\/wp\/v2\/media\/3211"}],"wp:attachment":[{"href":"https:\/\/emisora.univalle.edu.co\/index.php\/wp-json\/wp\/v2\/media?parent=3210"}],"wp:term":[{"taxonomy":"category","embeddable":true,"href":"https:\/\/emisora.univalle.edu.co\/index.php\/wp-json\/wp\/v2\/categories?post=3210"},{"taxonomy":"post_tag","embeddable":true,"href":"https:\/\/emisora.univalle.edu.co\/index.php\/wp-json\/wp\/v2\/tags?post=3210"}],"curies":[{"name":"wp","href":"https:\/\/api.w.org\/{rel}","templated":true}]}}