{"id":3220,"date":"2015-04-27T15:12:14","date_gmt":"2015-04-27T20:12:14","guid":{"rendered":"https:\/\/emisora.univalle.edu.co\/\/?p=3220"},"modified":"2015-04-27T15:14:41","modified_gmt":"2015-04-27T20:14:41","slug":"ministro-de-salud-felicito-la-secretaria-de-salud-del-valle-por-campana-en-contra-del-chicungunya","status":"publish","type":"post","link":"https:\/\/emisora.univalle.edu.co\/index.php\/ministro-de-salud-felicito-la-secretaria-de-salud-del-valle-por-campana-en-contra-del-chicungunya\/","title":{"rendered":"Ministro de Salud felicit\u00f3 a la Secretar\u00eda de Salud del Valle por campa\u00f1a en contra del Chicungunya"},"content":{"rendered":"<p>El Ministro de Salud, Alejandro Gaviria, durante su visita a la Capital Vallecaucana destac\u00f3 la labor desarrollada por la Secretar\u00eda de Salud del Departamento en diferentes frentes, pero especialmente en los casos de Chicungunya que se han presentado en el Valle del Cauca, que han sido afrontados con responsabilidad permitiendo que no sobrepase aun los 40 mil afectados por el virus transmitidos por el\u00a0 mosquito Aedes Aegypti, as\u00ed lo manifest\u00f3 el funcionario durante su recorrido por la ESE de Ladera, en la IPS Silo\u00e9 donde se hizo la entrega de Equipos Biom\u00e9dicos.<\/p>\n<p>El Ministro indic\u00f3 que la labor ha sido destacada de tal manera que la semana anterior se recibi\u00f3 la visita de delegados del Ministerio de salud de M\u00e9xico y del Instituto Nacional de Salud del Pa\u00eds Azteca, quienes replicaran en su pa\u00eds lo hecho en el Valle del Cauca para lograr frenar el avance de esta enfermedad.<\/p>\n<p>Fernando Guti\u00e9rrez, Secretario de Salud del Valle, invit\u00f3 al funcionario nacional para que visitara los Hospitales Isa\u00edas Duarte Cancino y San Juan de Dios, donde se han hecho inversiones importantes para el desarrollo y recuperaci\u00f3n de los mismos, El m\u00e9dico Guti\u00e9rrez, aprovech\u00f3 para anunciar que la Secretar\u00eda de Salud har\u00e1 un seguimiento a la problem\u00e1tica generada ante la autorizaci\u00f3n de la Superintendencia Nacional de Salud para liquidar la EPS Comfenalco en el Valle del Cauca y buscar que se presenten los menores traumatismos posibles ante el traslado obligatorio de sus afiliados a otras entidades prestadoras de servicios de salud.<\/p>\n<p>FUENTE: <b>Comunicaciones Gobernaci\u00f3n<\/b><\/p>\n","protected":false},"excerpt":{"rendered":"<p>El Ministro de Salud, Alejandro Gaviria, durante su visita a la Capital Vallecaucana destac\u00f3 la labor desarrollada por la Secretar\u00eda de Salud del Departamento en diferentes frentes, pero especialmente en los casos de Chicungunya que se han presentado en el Valle del Cauca, que han sido afrontados con responsabilidad permitiendo[&#8230;]<\/p>\n","protected":false},"author":1,"featured_media":3221,"comment_status":"open","ping_status":"open","sticky":false,"template":"","format":"standard","meta":{"footnotes":""},"categories":[4],"tags":[],"_links":{"self":[{"href":"https:\/\/emisora.univalle.edu.co\/index.php\/wp-json\/wp\/v2\/posts\/3220"}],"collection":[{"href":"https:\/\/emisora.univalle.edu.co\/index.php\/wp-json\/wp\/v2\/posts"}],"about":[{"href":"https:\/\/emisora.univalle.edu.co\/index.php\/wp-json\/wp\/v2\/types\/post"}],"author":[{"embeddable":true,"href":"https:\/\/emisora.univalle.edu.co\/index.php\/wp-json\/wp\/v2\/users\/1"}],"replies":[{"embeddable":true,"href":"https:\/\/emisora.univalle.edu.co\/index.php\/wp-json\/wp\/v2\/comments?post=3220"}],"version-history":[{"count":1,"href":"https:\/\/emisora.univalle.edu.co\/index.php\/wp-json\/wp\/v2\/posts\/3220\/revisions"}],"predecessor-version":[{"id":3222,"href":"https:\/\/emisora.univalle.edu.co\/index.php\/wp-json\/wp\/v2\/posts\/3220\/revisions\/3222"}],"wp:featuredmedia":[{"embeddable":true,"href":"https:\/\/emisora.univalle.edu.co\/index.php\/wp-json\/wp\/v2\/media\/3221"}],"wp:attachment":[{"href":"https:\/\/emisora.univalle.edu.co\/index.php\/wp-json\/wp\/v2\/media?parent=3220"}],"wp:term":[{"taxonomy":"category","embeddable":true,"href":"https:\/\/emisora.univalle.edu.co\/index.php\/wp-json\/wp\/v2\/categories?post=3220"},{"taxonomy":"post_tag","embeddable":true,"href":"https:\/\/emisora.univalle.edu.co\/index.php\/wp-json\/wp\/v2\/tags?post=3220"}],"curies":[{"name":"wp","href":"https:\/\/api.w.org\/{rel}","templated":true}]}}