{"id":3227,"date":"2015-04-27T15:30:29","date_gmt":"2015-04-27T20:30:29","guid":{"rendered":"https:\/\/emisora.univalle.edu.co\/\/?p=3227"},"modified":"2015-04-27T15:30:29","modified_gmt":"2015-04-27T20:30:29","slug":"mincultura-celebra-la-danza","status":"publish","type":"post","link":"https:\/\/emisora.univalle.edu.co\/index.php\/mincultura-celebra-la-danza\/","title":{"rendered":"Mincultura \u00a1Celebra la danza!"},"content":{"rendered":"<p>M\u00e1s de 40 ni\u00f1os y j\u00f3venes pertenecientes\u00a0 a la Compa\u00f1\u00eda Danza Kapital se dar\u00e1n cita en el Pabell\u00f3n de Colsubsidio con el fin de presentar algunas de las coreograf\u00edas inspiradas en las canciones del maestro Jos\u00e9 Barros, como parte de las actividades previstas para celebrar el D\u00eda Internacional de la Danza este 29 de abril, fecha establecida por la Unesco a partir de 1982.<\/p>\n<p>Con la masiva participaci\u00f3n de bailarines, core\u00f3grafos, agrupaciones, compa\u00f1\u00edas de danza, junto a todos los colombianos amantes de la danza, en su s\u00e9ptima versi\u00f3n, la celebraci\u00f3n ser\u00e1 la oportunidad de reconocer el trabajo que adelantan las diversas compa\u00f1\u00edas y grupos de formaci\u00f3n en todo el pa\u00eds, bajo el lema \u00a1Celebra la Danza!, !Celebra la infancia!, cuya nutrida y variada agenda se har\u00e1 extensiva a todas las regiones del pa\u00eds.<\/p>\n<p>Adultos, j\u00f3venes y ni\u00f1os est\u00e1n invitados a unirse y salir a las calles para demostrar al mundo que Colombia es un pa\u00eds que baila.<\/p>\n<p><strong>Danza Kapital detr\u00e1s de la gran coreograf\u00eda<\/strong><\/p>\n<p>Con una experiencia de m\u00e1s de 15 a\u00f1os a cargo de la escuela de formaci\u00f3n, la compa\u00f1\u00eda Danza Kapital ha estado a cargo de un proceso que re\u00fane grupos de ni\u00f1os que comienzan a formarse a partir de los tres a\u00f1os a trav\u00e9s de la l\u00fadica, el juego y la danza, con actividades propias de esas edades -saltar, correr, gatear, rodar y deslizar-, para luego combinarlos con ritmos infantiles: rondas y canciones propias de la tradici\u00f3n colombiana y contempor\u00e1nea.<\/p>\n<p>Concebida con la intenci\u00f3n de trabajar en la creaci\u00f3n inspirada en la m\u00fasica tradicional, la compa\u00f1\u00eda hace \u00e9nfasis en que sus integrantes sean sujetos activos capaces de crear y proponer movimientos, a partir de una formaci\u00f3n disciplinar en danza tradicional colombiana, gimnasia \u2013salto, giro y acrobacia-, tradici\u00f3n colombiana y ballet.<\/p>\n<p>La Compa\u00f1\u00eda se ha presentado en eventos de car\u00e1cter internacional como tres versiones del Festival los Ni\u00f1os del Mundo (Rep\u00fablica Checa, B\u00e9lgica y Chile); Festival Los Ni\u00f1os de Colombia Bailan en M\u00e9xico; Festival Internacional de Zacatecas, M\u00e9xico; Festival La Magia de la Cultura de Guanajuato, M\u00e9xico; Festival Nacional del Folklore San Bernardo, Chile.<\/p>\n<p>De igual manera ha estado\u00a0 presente en las tres versiones de la Muestra Latinoamericana de baile por pareja celebradas en Quito, Ecuador; La Paz, Bolivia y Barquisimeto, Venezuela; as\u00ed como en el Festival Internacional trabajo danzario como expresi\u00f3n total en Lima, Per\u00fa; Festival Internacional de Danzas folcl\u00f3ricas Trujillo, Per\u00fa; Festival Folcl\u00f3rica de Danza, La Chorrera, Panam\u00e1; Festival del folclor Internacional, Meduca, Panam\u00e1.<\/p>\n<p>Eventos a los que se suma la participaci\u00f3n en las dos versiones del Festival Baila Maestro\u00a0 Barquisimeto, Venezuela, y M\u00e9xico; Festival de Danza Folcl\u00f3rica Unidos por la danza de Ecuador y Festival J\u00f3venes por la diversidad Cultural celebrado en Quito, Ecuador.<\/p>\n<p>A nivel nacional, la Compa\u00f1\u00eda Danza Kapital ha parte del Festival Recreo los Ni\u00f1os Quieren Bailar; Festival Ni\u00f1os y Ni\u00f1as al Parque; Festival Los Ni\u00f1os de Colombia Bailan; Concurso de Creaciones de Artistas Grandes y Peque\u00f1os para Ni\u00f1os y Ni\u00f1as; Festival de Danza\u00a0 Tradicional y de Proyecci\u00f3n Folcl\u00f3rica Colombiana; Festival Ritmos y Bailes Populares del Mundo; Festival Internacional de la Cultura (FIT); Encuentro Nacional de Danza Folcl\u00f3rica Infantil de Neiva y Festival Iberoamericano de Teatro.<\/p>\n<p><strong>MinCultura en la Filbo<\/strong><\/p>\n<p><strong>\u00a0<\/strong>En la versi\u00f3n 28\u00ba de la Feria Internacional del Libro de Bogot\u00e1, el Ministerio de Cultura cuenta con un stand para promover la Lectura en voz alta, el tradicional espacio de La fiesta de las lenguas, el pabell\u00f3n Macondo, invitado de honor en homenaje a Gabriel Garc\u00eda M\u00e1rquez, e incentivar\u00e1 el placer y gusto por la lectura con una extensa oferta de conferencias y actividades para ni\u00f1os y adultos.<\/p>\n<p>\u201cLa lectura es un instrumento clave para el desarrollo del pa\u00eds. No s\u00f3lo es un bien cultural que ofrece una de las experiencias humanas m\u00e1s enriquecedoras, sino que crea ciudadanos con sentido cr\u00edtico, contribuyendo as\u00ed a promover la paz y la equidad\u201d, explica la Ministra de Cultura, Mariana Garc\u00e9s C\u00f3rdoba.<\/p>\n<p>Consulte la programaci\u00f3n en\u00a0<a href=\"http:\/\/www.mincultura.gov.co\/\"><b>www.mincultura.gov.co<\/b><\/a><\/p>\n","protected":false},"excerpt":{"rendered":"<p>M\u00e1s de 40 ni\u00f1os y j\u00f3venes pertenecientes\u00a0 a la Compa\u00f1\u00eda Danza Kapital se dar\u00e1n cita en el Pabell\u00f3n de Colsubsidio con el fin de presentar algunas de las coreograf\u00edas inspiradas en las canciones del maestro Jos\u00e9 Barros, como parte de las actividades previstas para celebrar el D\u00eda Internacional de la[&#8230;]<\/p>\n","protected":false},"author":1,"featured_media":3225,"comment_status":"open","ping_status":"open","sticky":false,"template":"","format":"standard","meta":{"footnotes":""},"categories":[4],"tags":[],"_links":{"self":[{"href":"https:\/\/emisora.univalle.edu.co\/index.php\/wp-json\/wp\/v2\/posts\/3227"}],"collection":[{"href":"https:\/\/emisora.univalle.edu.co\/index.php\/wp-json\/wp\/v2\/posts"}],"about":[{"href":"https:\/\/emisora.univalle.edu.co\/index.php\/wp-json\/wp\/v2\/types\/post"}],"author":[{"embeddable":true,"href":"https:\/\/emisora.univalle.edu.co\/index.php\/wp-json\/wp\/v2\/users\/1"}],"replies":[{"embeddable":true,"href":"https:\/\/emisora.univalle.edu.co\/index.php\/wp-json\/wp\/v2\/comments?post=3227"}],"version-history":[{"count":1,"href":"https:\/\/emisora.univalle.edu.co\/index.php\/wp-json\/wp\/v2\/posts\/3227\/revisions"}],"predecessor-version":[{"id":3228,"href":"https:\/\/emisora.univalle.edu.co\/index.php\/wp-json\/wp\/v2\/posts\/3227\/revisions\/3228"}],"wp:featuredmedia":[{"embeddable":true,"href":"https:\/\/emisora.univalle.edu.co\/index.php\/wp-json\/wp\/v2\/media\/3225"}],"wp:attachment":[{"href":"https:\/\/emisora.univalle.edu.co\/index.php\/wp-json\/wp\/v2\/media?parent=3227"}],"wp:term":[{"taxonomy":"category","embeddable":true,"href":"https:\/\/emisora.univalle.edu.co\/index.php\/wp-json\/wp\/v2\/categories?post=3227"},{"taxonomy":"post_tag","embeddable":true,"href":"https:\/\/emisora.univalle.edu.co\/index.php\/wp-json\/wp\/v2\/tags?post=3227"}],"curies":[{"name":"wp","href":"https:\/\/api.w.org\/{rel}","templated":true}]}}