{"id":3236,"date":"2015-04-27T15:52:44","date_gmt":"2015-04-27T20:52:44","guid":{"rendered":"https:\/\/emisora.univalle.edu.co\/\/?p=3236"},"modified":"2015-04-27T15:54:51","modified_gmt":"2015-04-27T20:54:51","slug":"concejo-propone-que-emcali-asuma-el-manejo-del-servicio-de-aseo-de-la-ciudad","status":"publish","type":"post","link":"https:\/\/emisora.univalle.edu.co\/index.php\/concejo-propone-que-emcali-asuma-el-manejo-del-servicio-de-aseo-de-la-ciudad\/","title":{"rendered":"Concejo propone que Emcali asuma el manejo del servicio de aseo de la ciudad."},"content":{"rendered":"<p>Concejales de Cali hicieron una propuesta al Alcalde Rodrigo Guerrero Velasco para que retome el servicio de recolecci\u00f3n de residuos s\u00f3lidos y aseo de la ciudad a trav\u00e9s de Emcali Eice Esp. El pr\u00f3ximo mes de febrero de 2016, vencen los contratos de operaci\u00f3n de aseo que hoy sirven a la ciudad empresas como Emas, Promoambiental Valle, Promoabiental Cali y Ciudad Limpia, por ello los Cabildantes consideran que es una oportunidad para administrar un negocio lucrativo para el Municipio.<\/p>\n<p>Sin embargo, tal decisi\u00f3n depende de la liquidaci\u00f3n de Emsirva en manos de la Superintendencia de Servicios P\u00fablicos, entidad que de paso tiene el control de los contratos de aseo.<\/p>\n<p>La propuesta surgi\u00f3 durante la sesi\u00f3n plenaria del Concejo de ese lunes 27 de abril, a donde fueron citados los cuatro operadores del servicio de aseo, adem\u00e1s de los Directores del Dagma y Planeaci\u00f3n, as\u00ed como el Contralor de Cali Gilberto Hern\u00e1n Zapata Bonilla.<\/p>\n<p>El Concejal citante Albeiro Echeverri Bustamante (Conservador), propuso al Alcalde Rodrigo Guerrero Velasco crear una unidad de negocio al interior de las Empresas Municipales de Cali \u2013 Emcali, para que retome el servicio de aseo del Municipio, dando as\u00ed cumplimiento a la Ley 681 de 2001 y a sentencias que est\u00e1n sin cumplir entre ella las T291 que protege a ex funcionarios de Emsirva y a los recicladores.<\/p>\n<p>Para el Concejal Fernando Alberto Tamayo Ovalle (Conservador), el tema de la recolecci\u00f3n de residuos s\u00f3lidos en Cali, se vuelve atractivo, dado que para el a\u00f1o 2016 los contratos vigentes con particulares culminan. \u201cSer\u00eda interesante saber si a Emcali Eice Esp est\u00e1 en capacidad de prestarlo\u201d. Tamayo Ovalle consider\u00f3 vital escuchar al gerente general de Emcali sobre el particular.<\/p>\n<p>Para el Concejal Jos\u00e9 Fernando Gil Moscoso (U), el tema de los contratos de aseo en manos de particulares a punto de finalizar, debe revisarse a la luz de la liquidaci\u00f3n de Emsirva. \u201cUna vez se liquide la empresa de aseo Emsirva, le dar\u00eda al Municipio la autonom\u00eda para tomar decisiones. Pero primero debemos saber en qu\u00e9 va el proceso de liquidaci\u00f3n de Emsirva\u201d, afirmo Gil Moscoso quien pidi\u00f3 aplazar el debate. El Concejal Gil indic\u00f3 que los errores que tuvo el Municipio con Sicali no se puede repetir si se acoge de nuevo el servicio de aseo.<\/p>\n<p>Concejales como Harvy Mosquera, Albeiro Echeverri, John Jairo Hoyos, Roy Alejandro Barreras, Jos\u00e9 Uriel Rojas, Juan Carlos Olaya, John Michel Maya, Dannis Antonio Renter\u00eda, Amparo Guti\u00e9rrez, Fernando Alberto Tamayo, Patricia Molina, Jos\u00e9 Fernando Gil y Oswaldo Arcos, respaldan la propuesta que Emcali sea la empresa que asuma el manejo de los residuos s\u00f3lidos. \u201cEsa es la apuesta que tenemos como Concejales\u201d, enfatiz\u00f3 Fernando Alberto Tamayo Ovalle.<\/p>\n<p>Entre tanto el Concejal Harvy Mosquera (Conservador), record\u00f3 que as\u00ed como se recuper\u00f3 el manejo de la Hacienda P\u00fablica, el Municipio puede recuperar el manejo de las basuras. \u201cEmcali necesita flujo de caja y esta unidad de negocios le puede generar esa oportunidad\u201d, asever\u00f3.<\/p>\n<p>El Concejal John Michel Maya Bedoya (Alianza Verde), se record\u00f3 que el Municipio tuvo una oportunidad con la Empresa Girasol para atender el tema de aseo y de las demandas que gener\u00f3 la liquidaci\u00f3n de Emsirva. Sin embargo se sum\u00f3 a las posibilidades que el Municipio asuma de nuevo ese servicio, pero pregunt\u00f3 por el proyecto o la planeaci\u00f3n de una estrategia por parte del gobierno local.<\/p>\n<p>FUENTE: Comunicaciones Concejo de Cali<\/p>\n","protected":false},"excerpt":{"rendered":"<p>Concejales de Cali hicieron una propuesta al Alcalde Rodrigo Guerrero Velasco para que retome el servicio de recolecci\u00f3n de residuos s\u00f3lidos y aseo de la ciudad a trav\u00e9s de Emcali Eice Esp. El pr\u00f3ximo mes de febrero de 2016, vencen los contratos de operaci\u00f3n de aseo que hoy sirven a[&#8230;]<\/p>\n","protected":false},"author":1,"featured_media":3231,"comment_status":"open","ping_status":"open","sticky":false,"template":"","format":"standard","meta":{"footnotes":""},"categories":[4],"tags":[],"_links":{"self":[{"href":"https:\/\/emisora.univalle.edu.co\/index.php\/wp-json\/wp\/v2\/posts\/3236"}],"collection":[{"href":"https:\/\/emisora.univalle.edu.co\/index.php\/wp-json\/wp\/v2\/posts"}],"about":[{"href":"https:\/\/emisora.univalle.edu.co\/index.php\/wp-json\/wp\/v2\/types\/post"}],"author":[{"embeddable":true,"href":"https:\/\/emisora.univalle.edu.co\/index.php\/wp-json\/wp\/v2\/users\/1"}],"replies":[{"embeddable":true,"href":"https:\/\/emisora.univalle.edu.co\/index.php\/wp-json\/wp\/v2\/comments?post=3236"}],"version-history":[{"count":2,"href":"https:\/\/emisora.univalle.edu.co\/index.php\/wp-json\/wp\/v2\/posts\/3236\/revisions"}],"predecessor-version":[{"id":3238,"href":"https:\/\/emisora.univalle.edu.co\/index.php\/wp-json\/wp\/v2\/posts\/3236\/revisions\/3238"}],"wp:featuredmedia":[{"embeddable":true,"href":"https:\/\/emisora.univalle.edu.co\/index.php\/wp-json\/wp\/v2\/media\/3231"}],"wp:attachment":[{"href":"https:\/\/emisora.univalle.edu.co\/index.php\/wp-json\/wp\/v2\/media?parent=3236"}],"wp:term":[{"taxonomy":"category","embeddable":true,"href":"https:\/\/emisora.univalle.edu.co\/index.php\/wp-json\/wp\/v2\/categories?post=3236"},{"taxonomy":"post_tag","embeddable":true,"href":"https:\/\/emisora.univalle.edu.co\/index.php\/wp-json\/wp\/v2\/tags?post=3236"}],"curies":[{"name":"wp","href":"https:\/\/api.w.org\/{rel}","templated":true}]}}