{"id":3246,"date":"2015-04-28T14:23:34","date_gmt":"2015-04-28T19:23:34","guid":{"rendered":"https:\/\/emisora.univalle.edu.co\/\/?p=3246"},"modified":"2015-04-28T14:23:34","modified_gmt":"2015-04-28T19:23:34","slug":"la-cinemateca-inicia-festival-intravenosa","status":"publish","type":"post","link":"https:\/\/emisora.univalle.edu.co\/index.php\/la-cinemateca-inicia-festival-intravenosa\/","title":{"rendered":"La Cinemateca inicia Festival Intravenosa"},"content":{"rendered":"<p>Del 27 de abril al 1 de mayo del 2015 se llevar\u00e1 a cabo la s\u00e9ptima versi\u00f3n del Festival Intravenosa, un festival de cine universitario en el que se muestran cortometrajes nacionales e internacionales hechos por estudiantes y la Universidad del Valle es la invitada nacional.<\/p>\n<p>Los cortos de Univalle se proyectar\u00e1n en Imaginaria (Avenida 9 norte 13N-01 Tel. 668 6350 \/ 310 5099944)\u00a0 y hacen parte de la Muestra Audiovisual FAI coordinada por la Cinemateca.<\/p>\n<p>Adem\u00e1s, la Cinemateca se unir\u00e1 a la programaci\u00f3n con la presentaci\u00f3n de cortos de la invitada internacional:\u00a0<em>La F\u00e9mis de Francia<\/em>, el martes 28 de abril del 2015 en el Auditorio \u00c1ngel Zapata y el mi\u00e9rcoles 29 de abril en el Auditorio Carlos Restrepo; ambos a las 4:00 p.m. en el Campus Mel\u00e9ndez.<\/p>\n<p><em>La F\u00e9mis<\/em>\u00a0naci\u00f3 en 1986 precedida por la compa\u00f1\u00eda Rapid Films, surgida en 1926 como un laboratorio f\u00edlmico que luego ser\u00eda un importante estudio. Rapid Films produjo cl\u00e1sicos del cine como L<em>es Dames du Bois de Boulogne<\/em>\u00a0de Robert Bresson y\u00a0<em>Les Enfants du Paradis<\/em>\u00a0de Marcel Carn\u00e9, ambas de 1944.<\/p>\n<p>Hoy, esta escuela de cine es un espacio para la producci\u00f3n cinematogr\u00e1fica y un centro de pensamiento sobre el cine, con una producci\u00f3n estudiantil premiada en festivales de todo el mundo.<\/p>\n<p>El Festival Intravenosa exhibe obras realizadas en las escuelas de cine, universidades con carreras afines al cine, las artes visuales y el audiovisual.<\/p>\n<p><b style=\"line-height: 1.5em;\">FUENTE: Agencia de Noticias Univalle<\/b><\/p>\n","protected":false},"excerpt":{"rendered":"<p>Del 27 de abril al 1 de mayo del 2015 se llevar\u00e1 a cabo la s\u00e9ptima versi\u00f3n del Festival Intravenosa, un festival de cine universitario en el que se muestran cortometrajes nacionales e internacionales hechos por estudiantes y la Universidad del Valle es la invitada nacional. Los cortos de Univalle[&#8230;]<\/p>\n","protected":false},"author":1,"featured_media":3240,"comment_status":"open","ping_status":"open","sticky":false,"template":"","format":"standard","meta":{"footnotes":""},"categories":[4],"tags":[],"_links":{"self":[{"href":"https:\/\/emisora.univalle.edu.co\/index.php\/wp-json\/wp\/v2\/posts\/3246"}],"collection":[{"href":"https:\/\/emisora.univalle.edu.co\/index.php\/wp-json\/wp\/v2\/posts"}],"about":[{"href":"https:\/\/emisora.univalle.edu.co\/index.php\/wp-json\/wp\/v2\/types\/post"}],"author":[{"embeddable":true,"href":"https:\/\/emisora.univalle.edu.co\/index.php\/wp-json\/wp\/v2\/users\/1"}],"replies":[{"embeddable":true,"href":"https:\/\/emisora.univalle.edu.co\/index.php\/wp-json\/wp\/v2\/comments?post=3246"}],"version-history":[{"count":1,"href":"https:\/\/emisora.univalle.edu.co\/index.php\/wp-json\/wp\/v2\/posts\/3246\/revisions"}],"predecessor-version":[{"id":3247,"href":"https:\/\/emisora.univalle.edu.co\/index.php\/wp-json\/wp\/v2\/posts\/3246\/revisions\/3247"}],"wp:featuredmedia":[{"embeddable":true,"href":"https:\/\/emisora.univalle.edu.co\/index.php\/wp-json\/wp\/v2\/media\/3240"}],"wp:attachment":[{"href":"https:\/\/emisora.univalle.edu.co\/index.php\/wp-json\/wp\/v2\/media?parent=3246"}],"wp:term":[{"taxonomy":"category","embeddable":true,"href":"https:\/\/emisora.univalle.edu.co\/index.php\/wp-json\/wp\/v2\/categories?post=3246"},{"taxonomy":"post_tag","embeddable":true,"href":"https:\/\/emisora.univalle.edu.co\/index.php\/wp-json\/wp\/v2\/tags?post=3246"}],"curies":[{"name":"wp","href":"https:\/\/api.w.org\/{rel}","templated":true}]}}