{"id":3252,"date":"2015-04-28T14:26:15","date_gmt":"2015-04-28T19:26:15","guid":{"rendered":"https:\/\/emisora.univalle.edu.co\/\/?p=3252"},"modified":"2015-04-28T14:26:15","modified_gmt":"2015-04-28T19:26:15","slug":"alcaldia-de-cali-recibio-premio-gobernarte-en-nueva-york-de-parte-del-bid","status":"publish","type":"post","link":"https:\/\/emisora.univalle.edu.co\/index.php\/alcaldia-de-cali-recibio-premio-gobernarte-en-nueva-york-de-parte-del-bid\/","title":{"rendered":"Alcald\u00eda de Cali recibi\u00f3 Premio Gobernarte en Nueva York de parte del BID"},"content":{"rendered":"<p>El Auditorio Enrique V Iglesias de Nueva York, en Estados Unidos, fue sede de la ceremonia de premiaci\u00f3n a cuatro gobiernos de Latinoam\u00e9rica que merecieron el premio \u2018Gobernarte: el arte del buen gobierno\u2019, en la que Cali fue protagonista.<\/p>\n<p>Durante la ceremonia, el presidente del Banco Interamericano de Desarrollo \u2013BID-\u00a0 Luis Alberto Moreno, reconoci\u00f3 c\u00f3mo desde la Alcald\u00eda de Cali se ha mejorado el acceso de poblaciones vulnerables a servicios p\u00fablicos, usando medios digitales, lo cual se ha logrado a trav\u00e9s de la iniciativa \u2018Democracia en l\u00ednea, en alianza con la sociedad civil\u2019, que result\u00f3 ganadora en la categor\u00edas Tercer Nivel Administrativo.<\/p>\n<p>Roberto Reyes, asesor de Inform\u00e1tica y Telem\u00e1tica de la Alcald\u00eda de Cali, quien viaj\u00f3 hasta Nueva York para recibir este reconocimiento, explic\u00f3 que este premio deja para Cali es el reconocimiento como una ciudad desde la cual se est\u00e1 utilizando la tecnolog\u00eda como el m\u00e9todo y el camino para acercarse a sus ciudadanos.<\/p>\n<p>\u201cCon todo esto se logra facilitarle la vida a los cale\u00f1os en cuesti\u00f3n de tr\u00e1mites desde la Administraci\u00f3n Municipal. Precisamente, los premios Gobernarte fomentan eso e incentivan a los gobiernos locales, para que a trav\u00e9s de medios tecnol\u00f3gicos hagan alg\u00fan desarrollo o alg\u00fan avance con el fin de que el ciudadano tenga un desempe\u00f1o por el Estado mucho m\u00e1s sencillo y \u00e1gil\u201d, dijo el funcionario.<\/p>\n<p>Agreg\u00f3 que esta convocatoria del Banco Interamericano del Desarrollo \u2013 BID- reuni\u00f3 m\u00e1s de 300 iniciativas de toda Am\u00e9rica, \u201clo cual es muy motivante para Cali, pues resultamos entre los ganadores, en medio de tantas propuestas\u201d.<\/p>\n<p>Con este reconocimiento, Cali demuestra que el Estado, el Gobierno, pueden trabajar con iniciativas privadas de empresas, ONG, y que esto vale la pena.<\/p>\n<p>As\u00ed lo explic\u00f3 Reyes, quien est\u00e1 convencido que \u201cesto es una sinergia importante que se debe afianzar, pues ya no se aplica eso de que cada sector va por su lado. Cali est\u00e1 trabajando en pro de impulsar estos temas TIC y para ello piensa hacerlo con asociaciones privadas, lo cual da frutos\u201d.<\/p>\n<p>Durante estos cuatro meses de 2015, la Asesor\u00eda de Inform\u00e1tica y Telem\u00e1tica se ha dado a la tarea de dar a conocer m\u00e1s la iniciativa Democracia en L\u00ednea, que es una herramienta por medio de la cual los cale\u00f1os pueden entrar a consultar y con la que se interrelacionan con el Gobierno.<\/p>\n<p>\u201cEn el portal siempre se hablaba de los tres caminos de contacto m\u00e1s resaltantes que eran telef\u00f3nico, l\u00ednea 195 y presencial, pero ahora ya se incluy\u00f3 c\u00f3mo hacerlo a trav\u00e9s de esta iniciativa, v\u00eda internet\u201d, se\u00f1al\u00f3 el funcionario.<\/p>\n<p><strong>Lo que se viene para Cali<\/strong><\/p>\n<p>En este caminar tecnol\u00f3gico, la Asesor\u00eda de Inform\u00e1tica y Telem\u00e1tica de la Alcald\u00eda de Cali trabaja actualmente en un proyecto que permitir\u00e1 tener en la ciudad una historia cl\u00ednica \u00fanica y digitalizada, para los usuarios de la red de salud municipal.<\/p>\n<p>\u201cYa hemos creado un camino y tenemos claro una meta y es mejorar cada vez m\u00e1s en materia de tecnolog\u00eda, con el fin de facilitarle la vida a los cale\u00f1os, a trav\u00e9s de medios ciudadanos. A nivel de ciudad, una de las grandes apuestas que tenemos actualmente es consolidar a Cali como una ciudad con una historia cl\u00ednica \u00fanica\u201d, explic\u00f3 Reyes.<\/p>\n<p>Agreg\u00f3 que Cali est\u00e1 divida en cinco ESE: Oriente, Sur, Norte, Centro y Ladera, y en cada una de ellas reposan las historias cl\u00ednicas de los pacientes que maneja y conocen sus enfermedades, individualmente.<\/p>\n<p>\u201cPero si un paciente sale de sus entorno o de su jurisdicci\u00f3n y va a otra ESE y necesita que lo atiendan all\u00ed, es imposible, pues no se puede acceder a su historia. La meta nuestra es unificar esas historias cl\u00ednicas, y que los m\u00e9dicos puedan acceder al historial cl\u00ednico de cada usuario desde cualquier ESE, bien sea con la c\u00e9dula o con la huella digital del paciente, y de esta forma pueda ser atendido sin problemas o necesidad de trasladarlo. Ese proyecto estar\u00e1 listo este a\u00f1o, en diciembre, en ocho meses y cuenta con el aval del Ministerio de Tecnolog\u00edas de la Informaci\u00f3n y las Comunicaciones y por supuesto de la Alcald\u00eda de Cali\u201d, puntualiz\u00f3 el funcionario.<\/p>\n<p>FUENTE: Comunicaciones Alcald\u00eda de Cali<\/p>\n","protected":false},"excerpt":{"rendered":"<p>El Auditorio Enrique V Iglesias de Nueva York, en Estados Unidos, fue sede de la ceremonia de premiaci\u00f3n a cuatro gobiernos de Latinoam\u00e9rica que merecieron el premio \u2018Gobernarte: el arte del buen gobierno\u2019, en la que Cali fue protagonista. Durante la ceremonia, el presidente del Banco Interamericano de Desarrollo \u2013BID-\u00a0[&#8230;]<\/p>\n","protected":false},"author":1,"featured_media":3244,"comment_status":"open","ping_status":"open","sticky":false,"template":"","format":"standard","meta":{"footnotes":""},"categories":[4],"tags":[],"_links":{"self":[{"href":"https:\/\/emisora.univalle.edu.co\/index.php\/wp-json\/wp\/v2\/posts\/3252"}],"collection":[{"href":"https:\/\/emisora.univalle.edu.co\/index.php\/wp-json\/wp\/v2\/posts"}],"about":[{"href":"https:\/\/emisora.univalle.edu.co\/index.php\/wp-json\/wp\/v2\/types\/post"}],"author":[{"embeddable":true,"href":"https:\/\/emisora.univalle.edu.co\/index.php\/wp-json\/wp\/v2\/users\/1"}],"replies":[{"embeddable":true,"href":"https:\/\/emisora.univalle.edu.co\/index.php\/wp-json\/wp\/v2\/comments?post=3252"}],"version-history":[{"count":1,"href":"https:\/\/emisora.univalle.edu.co\/index.php\/wp-json\/wp\/v2\/posts\/3252\/revisions"}],"predecessor-version":[{"id":3253,"href":"https:\/\/emisora.univalle.edu.co\/index.php\/wp-json\/wp\/v2\/posts\/3252\/revisions\/3253"}],"wp:featuredmedia":[{"embeddable":true,"href":"https:\/\/emisora.univalle.edu.co\/index.php\/wp-json\/wp\/v2\/media\/3244"}],"wp:attachment":[{"href":"https:\/\/emisora.univalle.edu.co\/index.php\/wp-json\/wp\/v2\/media?parent=3252"}],"wp:term":[{"taxonomy":"category","embeddable":true,"href":"https:\/\/emisora.univalle.edu.co\/index.php\/wp-json\/wp\/v2\/categories?post=3252"},{"taxonomy":"post_tag","embeddable":true,"href":"https:\/\/emisora.univalle.edu.co\/index.php\/wp-json\/wp\/v2\/tags?post=3252"}],"curies":[{"name":"wp","href":"https:\/\/api.w.org\/{rel}","templated":true}]}}