{"id":3264,"date":"2015-04-28T14:59:53","date_gmt":"2015-04-28T19:59:53","guid":{"rendered":"https:\/\/emisora.univalle.edu.co\/\/?p=3264"},"modified":"2015-04-28T14:59:53","modified_gmt":"2015-04-28T19:59:53","slug":"tres-comunidades-indigenas-dan-ejemplo-de-unidad","status":"publish","type":"post","link":"https:\/\/emisora.univalle.edu.co\/index.php\/tres-comunidades-indigenas-dan-ejemplo-de-unidad\/","title":{"rendered":"Tres comunidades ind\u00edgenas dan ejemplo de unidad."},"content":{"rendered":"<p>Las comunidades ind\u00edgenas Yanakuna, Guanan y Nasa del Corregimiento Monta\u00f1itas que tienen un reconocimiento especial por parte del gobierno Municipal de Yumbo que preside el m\u00e9dico Fernando David Murgueitio C\u00e1rdenas, participaron en el \u201cEncuentro Ind\u00edgena en familia\u201d, con el prop\u00f3sito de fortalecer sus culturas e intercambiar experiencias de sus propias costumbres, y al mismo tiempo reclamar unidos el respeto por el derecho de autonom\u00eda\u00a0 y la cultura de sus pueblos.<\/p>\n<p>El evento se llev\u00f3 a cabo en el Centro Turistico San Miguel, organizado por el Programa de Etnias de La Secretar\u00eda de Bienestar Social y Participaci\u00f3n de Yumbo, que coordina Orlando S\u00e1nchez, permiti\u00f3\u00a0 la integraci\u00f3n en familia de estas tres comunidades y poder compartir sus culturas en cuanto a la m\u00fasica, arte, danzas y la gastronom\u00eda.<\/p>\n<p>La representante de la comunidad Yanakuna o Yanacona, Alba Palechor, dijo que este encuentro fue muy importante porque se dio el intercambio y el conocimiento de las culturas de cada uno de los hermanos\u00a0 de estos pueblos ind\u00edgenas. \u201cAhora podemos trabajar unidos, integrados, para\u00a0 reclamar nuestros derechos y para que se\u00a0 reconozca a trav\u00e9s\u00a0 de una pol\u00edtica p\u00fablica tambi\u00e9n a los pueblos ind\u00edgenas\u201d, expres\u00f3 la vocera Yanakuna.<\/p>\n<p>Por su parte, el gobernador de la comunidad Guanan, Antonio Chinchilian, consider\u00f3 que estos encuentros\u00a0 deben hacerse varias veces al a\u00f1o para unir las comunidades ind\u00edgenas. \u201cHemos dado un ejemplo de integraci\u00f3n y unidad que debe ser reconocido por las autoridades locales, en un esfuerzo que hacemos quienes tenemos la representaci\u00f3n de estas comunidades abor\u00edgenes para el mejoramiento de su calidad de vida.<\/p>\n<p>Cristian Llanos,\u00a0 manifest\u00f3 \u201cprimero hay que destacar la reuni\u00f3n de estas tres comunidades ind\u00edgenas\u00a0 que en el pasado no hab\u00edan sido reconocidas por ning\u00fan gobierno de Yumbo. Este encuentro nos llev\u00f3 a ampliar nuestros conocimientos de la identidad cultural y costumbres de cada uno de los pueblos.<\/p>\n<p>Adem\u00e1s la integraci\u00f3n en familia es algo muy importante cuando la Secretar\u00eda de Bienestar Social y Participaci\u00f3n que orienta Natalie Del Rosario Gonz\u00e1lez Castro, nos convoca a fortalecer el v\u00ednculo familiar.<\/p>\n<p>Y tambi\u00e9n unidos en torno a reclamar nuestra autonom\u00eda, o sea,\u00a0 el derecho de organizar y dirigir la vida interna de las comunidades ind\u00edgenas de acuerdo con sus propios valores, instituciones y mecanismos dentro del marco del estado del cual forman parte este grupo \u00e9tnico.<\/p>\n<p>FUENTE: Comunicaciones Alcald\u00eda de Yumbo.<\/p>\n","protected":false},"excerpt":{"rendered":"<p>Las comunidades ind\u00edgenas Yanakuna, Guanan y Nasa del Corregimiento Monta\u00f1itas que tienen un reconocimiento especial por parte del gobierno Municipal de Yumbo que preside el m\u00e9dico Fernando David Murgueitio C\u00e1rdenas, participaron en el \u201cEncuentro Ind\u00edgena en familia\u201d, con el prop\u00f3sito de fortalecer sus culturas e intercambiar experiencias de sus propias[&#8230;]<\/p>\n","protected":false},"author":1,"featured_media":3261,"comment_status":"open","ping_status":"open","sticky":false,"template":"","format":"standard","meta":{"footnotes":""},"categories":[4],"tags":[],"_links":{"self":[{"href":"https:\/\/emisora.univalle.edu.co\/index.php\/wp-json\/wp\/v2\/posts\/3264"}],"collection":[{"href":"https:\/\/emisora.univalle.edu.co\/index.php\/wp-json\/wp\/v2\/posts"}],"about":[{"href":"https:\/\/emisora.univalle.edu.co\/index.php\/wp-json\/wp\/v2\/types\/post"}],"author":[{"embeddable":true,"href":"https:\/\/emisora.univalle.edu.co\/index.php\/wp-json\/wp\/v2\/users\/1"}],"replies":[{"embeddable":true,"href":"https:\/\/emisora.univalle.edu.co\/index.php\/wp-json\/wp\/v2\/comments?post=3264"}],"version-history":[{"count":1,"href":"https:\/\/emisora.univalle.edu.co\/index.php\/wp-json\/wp\/v2\/posts\/3264\/revisions"}],"predecessor-version":[{"id":3265,"href":"https:\/\/emisora.univalle.edu.co\/index.php\/wp-json\/wp\/v2\/posts\/3264\/revisions\/3265"}],"wp:featuredmedia":[{"embeddable":true,"href":"https:\/\/emisora.univalle.edu.co\/index.php\/wp-json\/wp\/v2\/media\/3261"}],"wp:attachment":[{"href":"https:\/\/emisora.univalle.edu.co\/index.php\/wp-json\/wp\/v2\/media?parent=3264"}],"wp:term":[{"taxonomy":"category","embeddable":true,"href":"https:\/\/emisora.univalle.edu.co\/index.php\/wp-json\/wp\/v2\/categories?post=3264"},{"taxonomy":"post_tag","embeddable":true,"href":"https:\/\/emisora.univalle.edu.co\/index.php\/wp-json\/wp\/v2\/tags?post=3264"}],"curies":[{"name":"wp","href":"https:\/\/api.w.org\/{rel}","templated":true}]}}