{"id":3268,"date":"2015-04-28T15:11:28","date_gmt":"2015-04-28T20:11:28","guid":{"rendered":"https:\/\/emisora.univalle.edu.co\/\/?p=3268"},"modified":"2015-04-28T15:11:28","modified_gmt":"2015-04-28T20:11:28","slug":"la-registraduria-especial-de-cali-inicia-jornada-especial-de-identificacion-en-la-carcel-villahermosa","status":"publish","type":"post","link":"https:\/\/emisora.univalle.edu.co\/index.php\/la-registraduria-especial-de-cali-inicia-jornada-especial-de-identificacion-en-la-carcel-villahermosa\/","title":{"rendered":"La Registradur\u00eda Especial de Cali inicia jornada especial de identificaci\u00f3n en la C\u00e1rcel Villahermosa"},"content":{"rendered":"<p>La Registradur\u00eda Espacial de Cali\u00a0realizar\u00e1 este jueves 30 de abril, una jornada especial de identificaci\u00f3n para los internos de la\u00a0C\u00e1rcel del Distrito Judicial de Villahermosa.<\/p>\n<p>Los funcionarios de la Registradur\u00eda\u00a0llevar\u00e1n a cabo la jornada de identificaci\u00f3n en el centro penitenciario en el horario de 8:00 am a 4:30 pm, donde se espera adelantar tr\u00e1mites de identificaci\u00f3n para cerca de 300 reclusos.<\/p>\n<p>Para esta jornada, la Registradur\u00eda Especial de Cali\u00a0trasladar\u00e1 una m\u00e1quina de enrolamiento en vivo conocida como booking, la cual est\u00e1 compuesta por un computador port\u00e1til de \u00faltima tecnolog\u00eda, una c\u00e1mara digital, una unidad de captura biom\u00e9trica de huellas digitales y un m\u00f3dulo que registra una firma digital.<\/p>\n<p>Desde el 13 de julio de 2010 mediante la expedici\u00f3n de la Resoluci\u00f3n 477\u00a0la Registradur\u00eda Nacional del Estado Civil exoner\u00f3 a los ciudadanos que se encuentran recluidos en los centros carcelarios y penitenciarios del pa\u00eds, del cobro de la expedici\u00f3n del duplicado de la c\u00e9dula de ciudadan\u00eda\u00a0por una \u00fanica vez.<\/p>\n<p>El reconocimiento de este beneficio lo determina cada director del respectivo centro carcelario o penitenciario y el control de los servicios prestados lo llevan los Delegados Departamentales de la Registradur\u00eda Nacional.<\/p>\n","protected":false},"excerpt":{"rendered":"<p>La Registradur\u00eda Espacial de Cali\u00a0realizar\u00e1 este jueves 30 de abril, una jornada especial de identificaci\u00f3n para los internos de la\u00a0C\u00e1rcel del Distrito Judicial de Villahermosa. Los funcionarios de la Registradur\u00eda\u00a0llevar\u00e1n a cabo la jornada de identificaci\u00f3n en el centro penitenciario en el horario de 8:00 am a 4:30 pm, donde[&#8230;]<\/p>\n","protected":false},"author":1,"featured_media":3267,"comment_status":"open","ping_status":"open","sticky":false,"template":"","format":"standard","meta":{"footnotes":""},"categories":[4],"tags":[],"_links":{"self":[{"href":"https:\/\/emisora.univalle.edu.co\/index.php\/wp-json\/wp\/v2\/posts\/3268"}],"collection":[{"href":"https:\/\/emisora.univalle.edu.co\/index.php\/wp-json\/wp\/v2\/posts"}],"about":[{"href":"https:\/\/emisora.univalle.edu.co\/index.php\/wp-json\/wp\/v2\/types\/post"}],"author":[{"embeddable":true,"href":"https:\/\/emisora.univalle.edu.co\/index.php\/wp-json\/wp\/v2\/users\/1"}],"replies":[{"embeddable":true,"href":"https:\/\/emisora.univalle.edu.co\/index.php\/wp-json\/wp\/v2\/comments?post=3268"}],"version-history":[{"count":1,"href":"https:\/\/emisora.univalle.edu.co\/index.php\/wp-json\/wp\/v2\/posts\/3268\/revisions"}],"predecessor-version":[{"id":3269,"href":"https:\/\/emisora.univalle.edu.co\/index.php\/wp-json\/wp\/v2\/posts\/3268\/revisions\/3269"}],"wp:featuredmedia":[{"embeddable":true,"href":"https:\/\/emisora.univalle.edu.co\/index.php\/wp-json\/wp\/v2\/media\/3267"}],"wp:attachment":[{"href":"https:\/\/emisora.univalle.edu.co\/index.php\/wp-json\/wp\/v2\/media?parent=3268"}],"wp:term":[{"taxonomy":"category","embeddable":true,"href":"https:\/\/emisora.univalle.edu.co\/index.php\/wp-json\/wp\/v2\/categories?post=3268"},{"taxonomy":"post_tag","embeddable":true,"href":"https:\/\/emisora.univalle.edu.co\/index.php\/wp-json\/wp\/v2\/tags?post=3268"}],"curies":[{"name":"wp","href":"https:\/\/api.w.org\/{rel}","templated":true}]}}