{"id":3280,"date":"2015-04-28T15:40:00","date_gmt":"2015-04-28T20:40:00","guid":{"rendered":"https:\/\/emisora.univalle.edu.co\/\/?p=3280"},"modified":"2015-04-28T15:40:00","modified_gmt":"2015-04-28T20:40:00","slug":"como-va-la-formulacion-del-plan-territorial-de-salud-foro-para-la-salud-publica","status":"publish","type":"post","link":"https:\/\/emisora.univalle.edu.co\/index.php\/como-va-la-formulacion-del-plan-territorial-de-salud-foro-para-la-salud-publica\/","title":{"rendered":"\u00bfC\u00f3mo va la formulaci\u00f3n del Plan Territorial de Salud? Foro para la Salud P\u00fablica"},"content":{"rendered":"<p>El pr\u00f3ximo mi\u00e9rcoles 29 de abril, la Escuela de Salud P\u00fablica de la Universidad del Valle llevar\u00e1 a cabo el\u00a0<strong>Foro para la Salud P\u00fablica \u201cPASE a la Equidad en Salud: \u00bfC\u00f3mo va la formulaci\u00f3n del Plan Territorial de Salud?\u201d<\/strong><\/p>\n<p>Con este nuevo Foro se busca analizar c\u00f3mo est\u00e1 avanzando el Valle del Cauca en la formulaci\u00f3n de su Plan Territorial de Salud y c\u00f3mo se ha implementado la estrategia de planeaci\u00f3n integral en salud PASE propuesta por el Ministerio de Salud, en el marco del Plan Decenal de Salud P\u00fablica 2012-2021. El evento se realizar\u00e1 en el\u00a0<strong>auditorio de la Escuela de Enfermer\u00eda<\/strong>, en el campus\u00a0<strong>San Fernando, de 2:00 p.m. a 5:00 p.m.<\/strong>La entrada es libre.<\/p>\n<p>&nbsp;<\/p>\n<h2>Ponentes invitados<\/h2>\n<p>A este Foro ha sido invitada la gerente del proyecto del\u00a0<strong>Plan Decenal de Salud<\/strong>\u00a0de Colombia, la m\u00e9dica epidemi\u00f3loga y salubrista,\u00a0<strong>Jacqueline\u00a0 Acosta de la Hoz<\/strong>, quien presentar\u00e1 los avances de la implementaci\u00f3n\u00a0 del Plan Decenal de Salud P\u00fablica (PDSP) y la metodolog\u00eda PASE a la Equidad en Salud como un modelo innovador de planificaci\u00f3n territorial.<\/p>\n<p>La Doctora Acosta fue asesora cient\u00edfica del Programa Cimientos, de USAID; asesora de la Oficina de Epidemiolog\u00eda y de vigilancia y gesti\u00f3n en salud p\u00fablica post-desastre para el terremoto de Armenia, para el Ministerio de Salud Nacional. Ha sido la coordinadora Nacional del Grupo de Gesti\u00f3n Integral en Salud P\u00fablica del Programa Nacional de Prevenci\u00f3n y Control de las ETS\/Sida y del Plan de Eliminaci\u00f3n de S\u00edfilis Cong\u00e9nita del Ministerio de Salud de Colombia; adem\u00e1s coordin\u00f3 el Programa de Prevenci\u00f3n y Control de las ITS\/SIDA, del\u00a0<strong>Instituto Nacional de Salud de Colombia<\/strong>.<\/p>\n<p>As\u00ed mismo, en este Foro participar\u00e1 el Coordinador T\u00e9cnico para la formulaci\u00f3n del Plan Territorial de Salud del\u00a0<strong>Valle del Cauca<\/strong>,\u00a0<strong>H\u00e9lmer Zapata<\/strong>. \u00c9l es Estad\u00edstico y Mag\u00edster en Administraci\u00f3n de Salud de la Universidad del Valle, Profesional Especializado de la Oficina de Planeaci\u00f3n de la Secretar\u00eda Departamental de Salud y se desempe\u00f1a como docente de la Escuela de Salud P\u00fablica de la Universidad del Valle en las asignaturas de Bioestad\u00edstica y Metodolog\u00eda de la Investigaci\u00f3n.<\/p>\n<p>El panel de discusi\u00f3n ser\u00e1 moderado por la profesora de la Universidad\u00a0<strong>Icesi<\/strong>, Martha Cecilia Jaramillo, M\u00e9dica Cirujana, Ph.D (candidata) en Investigaci\u00f3n y Avances en Medicina Preventiva y Salud P\u00fablica; Especialista en Gerencia de Salud P\u00fablica. Se espera la participaci\u00f3n de la Subsecretaria de Salud del Valle del Cauca, m\u00e9dica salubrista Mar\u00eda Cristina Lesmes.<\/p>\n<h2>La importancia de la planeaci\u00f3n en salud<\/h2>\n<p>El\u00a0<strong>Plan Decenal de Salud P\u00fablica<\/strong>\u00a0es un pacto social y un mandato ciudadano que define la actuaci\u00f3n articulada entre actores sectoriales, transectoriales y comunitarios para crear condiciones que garanticen el bienestar integral y la calidad de vida en Colombia. Busca el efectivo cumplimiento del derecho a la salud, entendido como el \u201cdisfrute del m\u00e1s alto nivel de bienestar f\u00edsico, mental y social\u201d, como un asunto p\u00fablico, en interdependencia con otros derechos y desde el modelo de determinantes sociales de la salud.<\/p>\n<p>Por lo tanto, la pertinencia de su planeaci\u00f3n radica en que el conjunto de elementos normativos, t\u00e9cnicos, conceptuales, metodol\u00f3gicos y operativos se entretejan de manera arm\u00f3nica y participativa para garantizar la formulaci\u00f3n integral de los Planes Territoriales de Salud.<\/p>\n<p>PASE a la Equidad en Salud es la estrategia propuesta desde el Ministerio de Salud para que los territorios formulen sus planes de salud de manera integral y arm\u00f3nica con pol\u00edticas nacionales, particularmente con el Plan Decenal de Salud P\u00fablica 2012-2021, pero con base en sus propias necesidades y caracter\u00edsticas territoriales.<\/p>\n<p>Seg\u00fan la propuesta del Ministerio, PASE permite planear integralmente la salud en los territorios, desde el enfoque de determinantes sociales de la salud, reconociendo que el estado de salud de una poblaci\u00f3n est\u00e1 directamente relacionado con las situaciones y condiciones presentes en dicho territorio y que \u00e9stas ejercen influencia sobre la salud de las personas.<\/p>\n<h2>Planeaci\u00f3n territorial y Plan Decenal de Salud P\u00fablica<\/h2>\n<p>El Ministerio de la Protecci\u00f3n Social formul\u00f3 un Plan Decenal de Salud P\u00fablica a trav\u00e9s de un proceso de participaci\u00f3n social y en el marco de la estrategia de Atenci\u00f3n Primaria en Salud, en el cual deben confluir las pol\u00edticas sectoriales para mejorar el estado de salud de la poblaci\u00f3n, incluyendo la salud mental, garantizando que el proceso de participaci\u00f3n social sea eficaz, mediante la promoci\u00f3n de la capacitaci\u00f3n de la ciudadan\u00eda y de las organizaciones sociales. El plan define los objetivos, metas, acciones, recursos, responsables sectoriales, indicadores de seguimientos y mecanismos de evaluaci\u00f3n, que a su vez deben ser aplicados por los territorios.<\/p>\n<p>De acuerdo con el Ministerio de Salud de Colombia, el Plan Decenal de Salud P\u00fablica es una expresi\u00f3n concreta de una pol\u00edtica p\u00fablica de Estado, que reconoce la salud como un derecho humano interdependiente y dimensi\u00f3n central del desarrollo humano. Define la actuaci\u00f3n articulada entre sectores y actores p\u00fablicos, privados y comunitarios responsables de la intervenci\u00f3n efectiva y positiva de los procesos de salud enfermedad, a trav\u00e9s del abordaje de los determinantes sociales, con el fin de crear condiciones que garanticen bienestar integral, equidad y calidad de vida en Colombia.<\/p>\n<p>En los avances nacionales y territoriales para su implementaci\u00f3n, se han establecido compromisos con autoridades locales y se han implementado estrategias para garantizar su desarrollo a trav\u00e9s de los planes de desarrollo y planes de salud.<\/p>\n<p>De acuerdo con los organizadores de este Foro para la\u00a0<strong>Salud P\u00fablica<\/strong>\u00a0es imprescindible revisar en qu\u00e9 hemos avanzado en el Valle del Cauca en nuestra planeaci\u00f3n en salud y c\u00f3mo estos avances se reconocen desde la sociedad civil y los diferentes sectores y estamentos sociales involucrados.<\/p>\n<p>Los Foros para la Salud P\u00fablica, se constituyen en un espacio acad\u00e9mico que permite el encuentro entre la academia, la sociedad civil, los diferentes sectores sociales y el gobierno para generar discusiones abiertas, propositivas y claras sobre temas de inter\u00e9s para la Salud Publica.<\/p>\n<h3><i>M\u00c1S INFORMACI\u00d3N<\/i><\/h3>\n<p><strong>Escuela de Salud P\u00fablica<\/strong>\u00a0\u2013\u00a0<strong>Universidad del Valle<\/strong><br \/>\nCali, Colombia<br \/>\nTel\u00e9fono: 5542576 \u2013 3167449422<br \/>\nCorreo:\u00a0<a href=\"mailto:extension.saludpublica@correounivalle.edu.co\">extension.saludpublica@correounivalle.edu.co<\/a><\/p>\n","protected":false},"excerpt":{"rendered":"<p>El pr\u00f3ximo mi\u00e9rcoles 29 de abril, la Escuela de Salud P\u00fablica de la Universidad del Valle llevar\u00e1 a cabo el\u00a0Foro para la Salud P\u00fablica \u201cPASE a la Equidad en Salud: \u00bfC\u00f3mo va la formulaci\u00f3n del Plan Territorial de Salud?\u201d Con este nuevo Foro se busca analizar c\u00f3mo est\u00e1 avanzando el[&#8230;]<\/p>\n","protected":false},"author":1,"featured_media":3278,"comment_status":"open","ping_status":"open","sticky":false,"template":"","format":"standard","meta":{"footnotes":""},"categories":[4],"tags":[],"_links":{"self":[{"href":"https:\/\/emisora.univalle.edu.co\/index.php\/wp-json\/wp\/v2\/posts\/3280"}],"collection":[{"href":"https:\/\/emisora.univalle.edu.co\/index.php\/wp-json\/wp\/v2\/posts"}],"about":[{"href":"https:\/\/emisora.univalle.edu.co\/index.php\/wp-json\/wp\/v2\/types\/post"}],"author":[{"embeddable":true,"href":"https:\/\/emisora.univalle.edu.co\/index.php\/wp-json\/wp\/v2\/users\/1"}],"replies":[{"embeddable":true,"href":"https:\/\/emisora.univalle.edu.co\/index.php\/wp-json\/wp\/v2\/comments?post=3280"}],"version-history":[{"count":1,"href":"https:\/\/emisora.univalle.edu.co\/index.php\/wp-json\/wp\/v2\/posts\/3280\/revisions"}],"predecessor-version":[{"id":3281,"href":"https:\/\/emisora.univalle.edu.co\/index.php\/wp-json\/wp\/v2\/posts\/3280\/revisions\/3281"}],"wp:featuredmedia":[{"embeddable":true,"href":"https:\/\/emisora.univalle.edu.co\/index.php\/wp-json\/wp\/v2\/media\/3278"}],"wp:attachment":[{"href":"https:\/\/emisora.univalle.edu.co\/index.php\/wp-json\/wp\/v2\/media?parent=3280"}],"wp:term":[{"taxonomy":"category","embeddable":true,"href":"https:\/\/emisora.univalle.edu.co\/index.php\/wp-json\/wp\/v2\/categories?post=3280"},{"taxonomy":"post_tag","embeddable":true,"href":"https:\/\/emisora.univalle.edu.co\/index.php\/wp-json\/wp\/v2\/tags?post=3280"}],"curies":[{"name":"wp","href":"https:\/\/api.w.org\/{rel}","templated":true}]}}