{"id":3308,"date":"2015-04-29T10:54:27","date_gmt":"2015-04-29T15:54:27","guid":{"rendered":"https:\/\/emisora.univalle.edu.co\/\/?p=3308"},"modified":"2015-04-29T10:54:27","modified_gmt":"2015-04-29T15:54:27","slug":"la-universidad-en-la-28a-feria-internacional-del-libro-de-bogota","status":"publish","type":"post","link":"https:\/\/emisora.univalle.edu.co\/index.php\/la-universidad-en-la-28a-feria-internacional-del-libro-de-bogota\/","title":{"rendered":"La Universidad en la 28\u00aa Feria Internacional del Libro de Bogot\u00e1"},"content":{"rendered":"<p>Entre el 21 de abril y el 4 de mayo de 2015 se lleva a cabo la 28\u00ba Feria Internacional del Libro de Bogot\u00e1 con pa\u00eds invitado Macondo. Este a\u00f1o la Universidad del Valle participa con m\u00e1s de 500 t\u00edtulos, m\u00e1s de 30 novedades, 14 revistas cient\u00edficas y 6 Cds de m\u00fasica. Como novedades de acuerdo con la tem\u00e1tica de la Feria, la Universidad presenta el libro \u201cLas clave Wayu en Gabriel Garc\u00eda M\u00e1rquez\u201d del profesor de la Escuela de Estudios Literarios Juan Moreno Blanco, el CD con la grabaci\u00f3n de \u201cImpresiones Sinf\u00f3nicas de Cien A\u00f1os de Soledad\u201d de Paul Dury. La partitura de Macondo, la m\u00fasica de los librillos del profesor de la Escuela de M\u00fasica Alberto Guzm\u00e1n Naranjo.<\/p>\n<p>Entre lo que se destaca para este a\u00f1o est\u00e1 la presentaci\u00f3n de la primera colecci\u00f3n de partituras de m\u00fasica de c\u00e1mara, la co-edici\u00f3n de los escritos selectos de \u00c1lvaro Camacho Guizado con la Universidad de los Andes y co-ediciones con la Editorial Siglo del Hombre.<\/p>\n<p>La programaci\u00f3n especial de lanzamiento y presentaci\u00f3n de libros y revistas por parte de los profesores de la Universidad del Valle es la siguiente:<\/p>\n<p><b>Mi\u00e9rcoles \u00a029 de abril<\/b><\/p>\n<p>6.00 pm. Wilmar Saldarriaga. Embriolog\u00eda Humana Integrada<\/p>\n<p>7.00 pm. Mauricio Palacios. Revista Colombia M\u00e9dica<\/p>\n<p><b>Jueves \u00a030 de abril<\/b><\/p>\n<p>5:00 \u00a0pm. Angela Mar\u00eda Franco C. Frentes de Agua.<\/p>\n<p>6:00 \u00a0pm. Gilma Mosquera. Vivienda y arquitectura.<\/p>\n<p>7:00 \u00a0pm. Oscar Perdomo. Hacia la Aurora.<\/p>\n<p><b>Viernes 1 de mayo<\/b><\/p>\n<p>5:00 pm. Gabriela Castellanos. Revista La Manzana de la Discordia<\/p>\n<p>6:00 pm. Jenny Lucero Posso. Feminidades<\/p>\n<p><b>S\u00e1bado \u00a02 de mayo<\/b><\/p>\n<p>5:00 pm. Gabriela Castellanos. Jalisco pierde en Cali.<\/p>\n<p>6:00 pm. Fabio Mart\u00ednez. Pablo Baal y los hombres invisibles.<\/p>\n<p>FUENTE: Agencia de Noticias Univalle<\/p>\n","protected":false},"excerpt":{"rendered":"<p>Entre el 21 de abril y el 4 de mayo de 2015 se lleva a cabo la 28\u00ba Feria Internacional del Libro de Bogot\u00e1 con pa\u00eds invitado Macondo. Este a\u00f1o la Universidad del Valle participa con m\u00e1s de 500 t\u00edtulos, m\u00e1s de 30 novedades, 14 revistas cient\u00edficas y 6 Cds[&#8230;]<\/p>\n","protected":false},"author":1,"featured_media":3302,"comment_status":"open","ping_status":"open","sticky":false,"template":"","format":"standard","meta":{"footnotes":""},"categories":[4],"tags":[],"_links":{"self":[{"href":"https:\/\/emisora.univalle.edu.co\/index.php\/wp-json\/wp\/v2\/posts\/3308"}],"collection":[{"href":"https:\/\/emisora.univalle.edu.co\/index.php\/wp-json\/wp\/v2\/posts"}],"about":[{"href":"https:\/\/emisora.univalle.edu.co\/index.php\/wp-json\/wp\/v2\/types\/post"}],"author":[{"embeddable":true,"href":"https:\/\/emisora.univalle.edu.co\/index.php\/wp-json\/wp\/v2\/users\/1"}],"replies":[{"embeddable":true,"href":"https:\/\/emisora.univalle.edu.co\/index.php\/wp-json\/wp\/v2\/comments?post=3308"}],"version-history":[{"count":1,"href":"https:\/\/emisora.univalle.edu.co\/index.php\/wp-json\/wp\/v2\/posts\/3308\/revisions"}],"predecessor-version":[{"id":3309,"href":"https:\/\/emisora.univalle.edu.co\/index.php\/wp-json\/wp\/v2\/posts\/3308\/revisions\/3309"}],"wp:featuredmedia":[{"embeddable":true,"href":"https:\/\/emisora.univalle.edu.co\/index.php\/wp-json\/wp\/v2\/media\/3302"}],"wp:attachment":[{"href":"https:\/\/emisora.univalle.edu.co\/index.php\/wp-json\/wp\/v2\/media?parent=3308"}],"wp:term":[{"taxonomy":"category","embeddable":true,"href":"https:\/\/emisora.univalle.edu.co\/index.php\/wp-json\/wp\/v2\/categories?post=3308"},{"taxonomy":"post_tag","embeddable":true,"href":"https:\/\/emisora.univalle.edu.co\/index.php\/wp-json\/wp\/v2\/tags?post=3308"}],"curies":[{"name":"wp","href":"https:\/\/api.w.org\/{rel}","templated":true}]}}