{"id":3310,"date":"2015-04-29T10:56:33","date_gmt":"2015-04-29T15:56:33","guid":{"rendered":"https:\/\/emisora.univalle.edu.co\/\/?p=3310"},"modified":"2015-05-04T09:13:14","modified_gmt":"2015-05-04T14:13:14","slug":"incendio-arrasa-playa-baja-al-oriente-de-cali-2","status":"publish","type":"post","link":"https:\/\/emisora.univalle.edu.co\/index.php\/incendio-arrasa-playa-baja-al-oriente-de-cali-2\/","title":{"rendered":"Incendio arrasa \u201cPlaya Baja\u201d  al oriente de Cali"},"content":{"rendered":"<p style=\"text-align: justify;\"><a href=\"https:\/\/emisora.univalle.edu.co\/\/wp-content\/uploads\/2015\/04\/Incendio3.jpg\" data-lightbox=\"gal[3310]\"><img loading=\"lazy\" decoding=\"async\" class=\"size-thumbnail wp-image-3286 alignright\" alt=\"Incendio3\" src=\"https:\/\/emisora.univalle.edu.co\/\/wp-content\/uploads\/2015\/04\/Incendio3-150x150.jpg\" width=\"150\" height=\"150\" srcset=\"https:\/\/emisora.univalle.edu.co\/wp-content\/uploads\/2015\/04\/Incendio3-150x150.jpg 150w, https:\/\/emisora.univalle.edu.co\/wp-content\/uploads\/2015\/04\/Incendio3-438x438.jpg 438w\" sizes=\"(max-width: 150px) 100vw, 150px\" \/><\/a><\/p>\n<p style=\"text-align: justify;\">Al menos 70 casas fueron consumidas por un incendio al oriente de\u00a0Cali, y otras fueron destruidas para evitar la propagaci\u00f3n del incendio, en el sitio conocido como \u201cPlaya Baja\u201d en el asentamiento La Florida en la Comuna 13, en inmediaciones al barrio Comuneros II.<\/p>\n<p style=\"text-align: justify;\">El incendio se ha propagado r\u00e1pidamente debido a que viviendas de la invasi\u00f3n est\u00e1n construidos en madera, guadua y otros elementos altamente inflamables.<\/p>\n<p style=\"text-align: justify;\">Las llamas con m\u00e1s de diez metros de altura cobijaron las humildes viviendas, en una manzana a la redonda, donde se\u00a0agrupan numerosas familias humildes en este populoso sector del Distrito de Aguablanca, se\u00f1alaron oficiales del Cuerpo de Bomberos que atendieron la emergencia.<\/p>\n<p style=\"text-align: justify;\">Numerosas personas de sectores vecinos ayudaron a evacuar algunas de las pertenec\u00edas de las viviendas adyacentes para que no fueran sustra\u00eddas por los due\u00f1os de lo ajeno, como ha sucedido en eventos anteriores por el sector.<\/p>\n<p style=\"text-align: justify;\"><span style=\"line-height: 1.5em;\">Al sitio llegaron unidades de la Polic\u00eda Metropolitana para ayudar a controlar la situaci\u00f3n y posteriormente el Director de la Unidad de Gesti\u00f3n de Riesgo de la alcald\u00eda para atender a los damnificados y empezar a levantar el censo de damnificados con el apoyo de la Cruz Roja y la Defensa Civil.<\/span><\/p>\n<p>De acuerdo con el coordinador del Cmgrd, Rodrigo Zamorano Sanclemente, este es el tercer incendio que se registra en este sector del oriente de la ciudad, del cual se desconocen las causas que lo habr\u00edan provocado.<\/p>\n<p>\u201cCuando empez\u00f3 el incendio, se activaron todos los organismos de socorro de la ciudad. Al lugar llegaron 7 m\u00e1quinas del Cuerpo de Bomberos Voluntarios de Cali, 4 carrotanques y 30 unidades bomberiles, que multiplicaron sus esfuerzos por controlar la conflagraci\u00f3n, registrada en este sector, en la carrera 72 con calle 27\u201d, explic\u00f3 el funcionario.<\/p>\n<p>Zamorano explic\u00f3 que las labores para apagar las llamas, que alcanzaron alturas hasta de 12 metros, fueron obstaculizadas por algunos miembros de la comunidad.<\/p>\n<p>\u201cAlgunas personas quer\u00edan quitarles las mangueras a los bomberos para apagar primero la vivienda donde habitan, mientras que otras no se retiraban del lugar, pese a las advertencias de riesgo. Es una condici\u00f3n humana, pero en estos casos les pedimos\u00a0 a los afectados que les permitan a los bomberos hacer su trabajo de manera adecuada, son los organismos de socorro los que saben atender estas emergencias y se deben seguir sus instrucciones\u201d, agreg\u00f3 el funcionario.<\/p>\n<p>\u201cAfortunadamente no hubo personas lesionadas. De acuerdo con el consolidado de verificaci\u00f3n en terreno se contaron 99 techos consumidos por el fuego, ya que el mismo se propaga r\u00e1pido por los materiales de cart\u00f3n y esterilla con los que se construyen estas casas\u201d, argument\u00f3 el Coordinador del Cmgrd.<\/p>\n<p>Finalmente, con el censo terminado, el Cmgrd se desplazar\u00e1 en la tarde de este mi\u00e9rcoles al lugar de la emergencia, para entregar las ayudas humanitarias necesarias en la zona, consistentes en kits de aseo y cocina, mercados, colchonetas y ropa. Asimismo, se entregar\u00e1n los insumos necesarios para preparar un almuerzo comunitario, seg\u00fan explic\u00f3 Zamorano.<\/p>\n<p>FUENTES: Univalle Est\u00e9reo y Comunicaciones Alcald\u00eda<\/p>\n","protected":false},"excerpt":{"rendered":"<p>Al menos 70 casas fueron consumidas por un incendio al oriente de\u00a0Cali, y otras fueron destruidas para evitar la propagaci\u00f3n del incendio, en el sitio conocido como \u201cPlaya Baja\u201d en el asentamiento La Florida en la Comuna 13, en inmediaciones al barrio Comuneros II. El incendio se ha propagado r\u00e1pidamente[&#8230;]<\/p>\n","protected":false},"author":1,"featured_media":3284,"comment_status":"open","ping_status":"open","sticky":false,"template":"","format":"standard","meta":{"footnotes":""},"categories":[4],"tags":[],"_links":{"self":[{"href":"https:\/\/emisora.univalle.edu.co\/index.php\/wp-json\/wp\/v2\/posts\/3310"}],"collection":[{"href":"https:\/\/emisora.univalle.edu.co\/index.php\/wp-json\/wp\/v2\/posts"}],"about":[{"href":"https:\/\/emisora.univalle.edu.co\/index.php\/wp-json\/wp\/v2\/types\/post"}],"author":[{"embeddable":true,"href":"https:\/\/emisora.univalle.edu.co\/index.php\/wp-json\/wp\/v2\/users\/1"}],"replies":[{"embeddable":true,"href":"https:\/\/emisora.univalle.edu.co\/index.php\/wp-json\/wp\/v2\/comments?post=3310"}],"version-history":[{"count":4,"href":"https:\/\/emisora.univalle.edu.co\/index.php\/wp-json\/wp\/v2\/posts\/3310\/revisions"}],"predecessor-version":[{"id":3314,"href":"https:\/\/emisora.univalle.edu.co\/index.php\/wp-json\/wp\/v2\/posts\/3310\/revisions\/3314"}],"wp:featuredmedia":[{"embeddable":true,"href":"https:\/\/emisora.univalle.edu.co\/index.php\/wp-json\/wp\/v2\/media\/3284"}],"wp:attachment":[{"href":"https:\/\/emisora.univalle.edu.co\/index.php\/wp-json\/wp\/v2\/media?parent=3310"}],"wp:term":[{"taxonomy":"category","embeddable":true,"href":"https:\/\/emisora.univalle.edu.co\/index.php\/wp-json\/wp\/v2\/categories?post=3310"},{"taxonomy":"post_tag","embeddable":true,"href":"https:\/\/emisora.univalle.edu.co\/index.php\/wp-json\/wp\/v2\/tags?post=3310"}],"curies":[{"name":"wp","href":"https:\/\/api.w.org\/{rel}","templated":true}]}}