{"id":3321,"date":"2015-04-29T14:07:25","date_gmt":"2015-04-29T19:07:25","guid":{"rendered":"https:\/\/emisora.univalle.edu.co\/\/?p=3321"},"modified":"2015-04-29T14:09:16","modified_gmt":"2015-04-29T19:09:16","slug":"abiertas-las-inscripciones-para-posgrados-en-ciencias-de-la-administracion-periodo-agosto-diciembre-2015","status":"publish","type":"post","link":"https:\/\/emisora.univalle.edu.co\/index.php\/abiertas-las-inscripciones-para-posgrados-en-ciencias-de-la-administracion-periodo-agosto-diciembre-2015\/","title":{"rendered":"Abiertas las Inscripciones para Posgrados en Ciencias de la Administraci\u00f3n"},"content":{"rendered":"<p>La Facultad de Ciencias de la Administraci\u00f3n ofrece la siguiente oferta acad\u00e9mica de posgrados (Doctorados, Maestr\u00edas y Especializaciones) para el periodo Agosto \u2013 Diciembre 2015:<\/p>\n<p><b>DOCTORADOS<\/b><\/p>\n<p>MAESTR\u00cdAS<\/p>\n<p>Hasta el\u00a0<b>28 de mayo<\/b>, los interesados podr\u00e1n acercarse a la oficina del programa de posgrado de su inter\u00e9s y adquirir el pin de inscripci\u00f3n o clave de acceso de inscripci\u00f3n virtual para el per\u00edodo Agosto \u2013 Diciembre de 2015 en los programas de Maestr\u00eda de la Facultad de Ciencias de la Administraci\u00f3n.<\/p>\n<p><b><\/b><b>La fecha l\u00edmite para la entrega de los documentos soporte, requeridos para la inscripci\u00f3n a los programas de maestr\u00eda es el 1 de junio.<\/b><br \/>\n<b><br \/>\nLos resultados de los admitidos a maestr\u00edas se publicar\u00e1n el 7 de julio<\/b>.<\/p>\n<p><b><\/b><b>Maestr\u00eda en Administraci\u00f3n (Sedes Cali y Tulu\u00e1. Convenio con Universidad de Nari\u00f1o en Pasto)<\/b><\/p>\n<p>Con 50 a\u00f1os \u00a0de existencia, es el programa de m\u00e1s trayectoria en la formaci\u00f3n en posgrado en ciencias administrativas de la regi\u00f3n y el pa\u00eds. Cuenta con presencia en la Sede Tulu\u00e1 de la Universidad del Valle, y en Pasto, a trav\u00e9s de convenio con la Universidad de Nari\u00f1o.<br \/>\n<b><br \/>\nINFORMES\/CONTACTO<\/b><br \/>\nUniversidad del Valle &#8211; Sede San Fernando<br \/>\nCalle 4B No. 36-00 Edificio 124 Oficina 2060<br \/>\n+57 (2) 321 2100 Ext. 4341 y 4769<br \/>\ne-mail:\u00a0<a href=\"mailto:magisadm@correounivalle.edu.co\">magisadm@correounivalle.edu.co<\/a><br \/>\nCali, Colombia<\/p>\n<p><b><\/b><b>Maestr\u00eda en Ciencias de la Organizaci\u00f3n<\/b><\/p>\n<p>Dirigido a la formaci\u00f3n como investigadores y acad\u00e9micos a profesionales que se concentren en la tarea de pensar, reflexionar y elaborar alternativas frente al mundo de las organizaciones sociales y estimular as\u00ed la investigaci\u00f3n sobre las organizaciones en el medio Colombiano y Latinoamericano.<br \/>\n<b><br \/>\nINFORMES\/CONTACTO<\/b><br \/>\nUniversidad del Valle &#8211; Sede San Fernando<br \/>\nCalle 4B No. 36-00 Edificio 124 Oficina 2060<br \/>\nDirectos: 554 24 55 &#8211; 321 21 00 Ext.4341-4769 Fax: 518 57 51<br \/>\nE-mail:<a href=\"http:\/\/magisadm@correounivalle.edu.co\/\">\u00a0magisadm@correounivalle.edu.co<\/a><br \/>\nCali \u2013 Colombia<\/p>\n<p><b><\/b><b>Maestr\u00eda en Contabilidad<\/b><\/p>\n<p>La Maestr\u00eda en Contabilidad en la modalidad de Profundizaci\u00f3n est\u00e1 orientada al desarrollo de los conocimientos, las competencias y los instrumentos t\u00e9cnicos necesarios que le permiten al profesional enfrentarse a las diferentes situaciones complejas que se presentan en el mundo empresarial.<\/p>\n<p><b><\/b><b>INFORMES\/CONTACTO<\/b><br \/>\nUniversidad del Valle &#8211; Sede San Fernando<br \/>\nCalle 4B No. 36-00 Edificio 124 Oficina 3026<br \/>\nPBX: +57 321 21 00 Ext. 4722-4712-4320<br \/>\nTel\u00e9fonos: 518 57 22 &#8211; 558 24 96 FAX: 518 57 63<br \/>\nE-mail:\u00a0<a href=\"mailto:maestriacontabilidad@correounivalle.edu.co\">maestriacontabilidad@correounivalle.edu.co<\/a><br \/>\nCali \u2013 Colombia<\/p>\n<p><b><\/b><b>Maestr\u00eda en Pol\u00edticas P\u00fablicas<\/b><\/p>\n<p>El egresado podr\u00e1 desempe\u00f1arse como empleado, asesor o consultor en organizaciones \u00a0p\u00fablicas, privadas de consultor\u00eda e investigaci\u00f3n, ONGs y entidades acad\u00e9micas, en funciones que requieran: capacidad para analizar problemas sociales complejos y proponer soluciones desde el campo de las Pol\u00edticas P\u00fablicas.<\/p>\n<p><b><\/b><b>INFORMES\/CONTACTO<\/b><br \/>\nUniversidad del Valle &#8211; Sede San Fernando<br \/>\nCalle 4B No. 36-00 Edificio 124 Oficina 2055<br \/>\nTel\u00e9fonos: +57 (2) 321 2100 Ext. 4747 \u2013 4781<br \/>\nE-mail:\u00a0<a href=\"mailto:posgrado.admpublica@correounivalle.edu.co\">posgrado.admpublica@correounivalle.edu.co<\/a><br \/>\nCali \u2013 Colombia<\/p>\n<p><b>ESPECIALIZACIONES<\/b><\/p>\n<p>Hasta el\u00a0<b>28 de mayo<\/b>, los interesados podr\u00e1n acercarse a la oficina del programa de posgrado de su inter\u00e9s y adquirir el pin de inscripci\u00f3n o clave de acceso de inscripci\u00f3n virtual para el per\u00edodo Agosto \u2013 Diciembre de 2015 en los programas de Especializaci\u00f3n de la Facultad de Ciencias de la Administraci\u00f3n.<\/p>\n<p><b><\/b><b>La fecha l\u00edmite para la entrega de los documentos soporte, requeridos para la inscripci\u00f3n a los programas de especializaci\u00f3n es el 1 de junio.<\/b><br \/>\n<b><br \/>\nLos resultados de los admitidos a especializaci\u00f3n se publicar\u00e1n el 7\u00a0de julio.<\/b><\/p>\n<p><b><\/b><b>Especializaci\u00f3n en Administraci\u00f3n P\u00fablica (Sedes Cali y Tulu\u00e1)<\/b><\/p>\n<p><b><\/b><b>Duraci\u00f3n:<\/b>\u00a0Tres (3) semestres acad\u00e9micos<\/p>\n<p>Programa orientado preparar especialistas id\u00f3neos, con los fundamentos conceptuales y t\u00e9cnicos para la administraci\u00f3n de organizaciones p\u00fablicas, la formulaci\u00f3n, ejecuci\u00f3n y evaluaci\u00f3n de planes, programas y proyectos del sector p\u00fablico, con la correspondiente coordinaci\u00f3n entre los distintos niveles de poder, dentro de los principios de la democracia participativa.<\/p>\n<p><b><\/b><b>INFORMES\/CONTACTO<\/b><br \/>\nUniversidad del Valle &#8211; Sede San Fernando<br \/>\nCalle 4B No. 36-00 Edificio 124 Oficina 2055<br \/>\nTel\u00e9fonos: +57 (2) 321 2100 Ext. 4747 \u2013 4781<br \/>\nE-mail:<a href=\"http:\/\/posgrado.admpublica@correounivalle.edu.co\/\">\u00a0posgrado.admpublica@correounivalle.edu.co<\/a><br \/>\nCali \u2013 Colombia<\/p>\n<p><b><\/b><b>Especializaci\u00f3n en Finanzas (Sedes Cali y Buga)<\/b><\/p>\n<p><b><\/b><b>Duraci\u00f3n:<\/b>\u00a0Tres semestres.<\/p>\n<p>El programa de Especializaci\u00f3n en Finanzas ha contribuido al desarrollo de la regi\u00f3n con la capacitaci\u00f3n de ejecutivos, asesores, consultores y microempresarios en el \u00e1rea financiera, labor que viene realizando desde 1987 en forma ininterrumpida, fomentando en sus egresados un esp\u00edritu cr\u00edtico, anal\u00edtico y proactivo en el desempe\u00f1o de sus actividades profesionales.<\/p>\n<p><b><\/b><b>INFORMES\/CONTACTO<\/b><br \/>\nUniversidad del Valle &#8211; Sede San Fernando<br \/>\nCalle 4B No. 36-00 Edificio 124 Oficina: 2036<br \/>\nPBX: +57 321 21 00 Ext. 4722<br \/>\nTel\u00e9fonos: 518 57 22 &#8211; 558 24 96<br \/>\nFAX: 518 57 63<br \/>\nE-mail:\u00a0<a href=\"mailto:pef@correounivalle.edu.co\">pef@correounivalle.edu.co<\/a><br \/>\nCali &#8211; Colombia<\/p>\n<p><b><\/b><b>Especializaci\u00f3n en Gerencia de Marketing Estrat\u00e9gico<\/b><\/p>\n<p><b><\/b><b>Duraci\u00f3n:<\/b>\u00a0Dos (2) semestres.<br \/>\nFormar especialistas en Gerencia de Marketing Estrat\u00e9gico capaces de liderar las organizaciones hacia la competitividad dentro de un entorno globalizado aportan-do al desarrollo econ\u00f3mico, social y ambiental.<\/p>\n<p><b><\/b><b>INFORMES\/CONTACTO<\/b><br \/>\nUniversidad del Valle &#8211; Sede San Fernando<br \/>\nCalle 4B No. 36-00 Edificio 124 Oficina: 3021<br \/>\nTel\u00e9fonos: 5185757 &#8211; 5185752 \u2013 5541180<br \/>\nE-mail:<a href=\"http:\/\/market@correounivalle.edu.co\/\">\u00a0market@correounivalle.edu.co<\/a><br \/>\nCali &#8211; Colombia<\/p>\n<p><b><\/b><b>Especializaci\u00f3n en Gesti\u00f3n de la Calidad Total y la Productividad<\/b><br \/>\n<b><br \/>\nDuraci\u00f3n:<\/b>\u00a0Tres semestres.<\/p>\n<p>Forma especialistas en Gesti\u00f3n de la Calidad Total y la Productividad capaces de liderar las organizaciones hacia la competitividad dentro de un entorno globalizado, aportando al desarrollo econ\u00f3mico, social y ambiental.<\/p>\n<p><b><\/b><b>INFORMES\/CONTACTO<\/b><br \/>\nUniversidad del Valle &#8211; Sede San Fernando<br \/>\nCalle 4B No. 36-00 Edificio 124 Oficina: 3021<br \/>\nTel\u00e9fonos: 5185757 \u2010 5185752 \u2010 5541180<\/p>\n<p>FUENTE: Comunicaciones Facultad Ciencias de la Administraci\u00f3n<\/p>\n","protected":false},"excerpt":{"rendered":"<p>La Facultad de Ciencias de la Administraci\u00f3n ofrece la siguiente oferta acad\u00e9mica de posgrados (Doctorados, Maestr\u00edas y Especializaciones) para el periodo Agosto \u2013 Diciembre 2015: DOCTORADOS MAESTR\u00cdAS Hasta el\u00a028 de mayo, los interesados podr\u00e1n acercarse a la oficina del programa de posgrado de su inter\u00e9s y adquirir el pin de[&#8230;]<\/p>\n","protected":false},"author":1,"featured_media":3318,"comment_status":"open","ping_status":"open","sticky":false,"template":"","format":"standard","meta":{"footnotes":""},"categories":[4],"tags":[],"_links":{"self":[{"href":"https:\/\/emisora.univalle.edu.co\/index.php\/wp-json\/wp\/v2\/posts\/3321"}],"collection":[{"href":"https:\/\/emisora.univalle.edu.co\/index.php\/wp-json\/wp\/v2\/posts"}],"about":[{"href":"https:\/\/emisora.univalle.edu.co\/index.php\/wp-json\/wp\/v2\/types\/post"}],"author":[{"embeddable":true,"href":"https:\/\/emisora.univalle.edu.co\/index.php\/wp-json\/wp\/v2\/users\/1"}],"replies":[{"embeddable":true,"href":"https:\/\/emisora.univalle.edu.co\/index.php\/wp-json\/wp\/v2\/comments?post=3321"}],"version-history":[{"count":3,"href":"https:\/\/emisora.univalle.edu.co\/index.php\/wp-json\/wp\/v2\/posts\/3321\/revisions"}],"predecessor-version":[{"id":3325,"href":"https:\/\/emisora.univalle.edu.co\/index.php\/wp-json\/wp\/v2\/posts\/3321\/revisions\/3325"}],"wp:featuredmedia":[{"embeddable":true,"href":"https:\/\/emisora.univalle.edu.co\/index.php\/wp-json\/wp\/v2\/media\/3318"}],"wp:attachment":[{"href":"https:\/\/emisora.univalle.edu.co\/index.php\/wp-json\/wp\/v2\/media?parent=3321"}],"wp:term":[{"taxonomy":"category","embeddable":true,"href":"https:\/\/emisora.univalle.edu.co\/index.php\/wp-json\/wp\/v2\/categories?post=3321"},{"taxonomy":"post_tag","embeddable":true,"href":"https:\/\/emisora.univalle.edu.co\/index.php\/wp-json\/wp\/v2\/tags?post=3321"}],"curies":[{"name":"wp","href":"https:\/\/api.w.org\/{rel}","templated":true}]}}