{"id":3326,"date":"2015-04-29T14:10:34","date_gmt":"2015-04-29T19:10:34","guid":{"rendered":"https:\/\/emisora.univalle.edu.co\/\/?p=3326"},"modified":"2015-04-29T14:10:34","modified_gmt":"2015-04-29T19:10:34","slug":"celebran-el-dia-internacional-de-la-danza","status":"publish","type":"post","link":"https:\/\/emisora.univalle.edu.co\/index.php\/celebran-el-dia-internacional-de-la-danza\/","title":{"rendered":"Celebran el D\u00eda Internacional de la Danza"},"content":{"rendered":"<p>El Instituto Popular de Cultura IPC en alianza con Metrocali S.A. y la Biblioteca Departamental Jorge Garc\u00e9s Borrero, celebrar\u00e1n el D\u00eda Internacional de la Danza.<\/p>\n<p>Con una propuesta creativa, llena de bailes y colorido, llega Danzando por Cali con el IPC, un recorrido por la ciudad a cargo del grupo del IPC \u2018Colombia Folclorica\u2019.<\/p>\n<p>El Grupo \u2018Colombia Folcl\u00f3rica\u2019 del IPC har\u00e1 un recorrido folcl\u00f3rico por tres de las m\u00e1s importantes estaciones del sistema integrado MIO, de ah\u00ed que invita a la comunidad cale\u00f1a a acompa\u00f1ar esta fiesta danc\u00edstica, que permitir\u00e1 interactuar con los bailes y las tradiciones culturales del pa\u00eds.<\/p>\n<p>Este recorrido de la danza inicia en la Estaci\u00f3n de Andr\u00e9s San\u00edn, contin\u00faa hacia la nueva estaci\u00f3n de Calipso y finaliza en la estaci\u00f3n de Unidad Deportiva, frente a Cosmocentro.<\/p>\n<p><strong>Noche de Gala con el IPC<\/strong><\/p>\n<p>En la NOCHE DE GALA en la biblioteca Departamental Jorge Garc\u00e9s Borrero, como un homenaje a esta ciudad bailadora, el Instituto Popular de Cultura convida a disfrutar de La Danza, con la interpretaci\u00f3n de su grupo representativo de danzas \u2018Colombia Folcl\u00f3rica\u2019.<\/p>\n<p>Desde las 6:30 de la tarde, el IPC presentar\u00e1 a Cali las creaciones m\u00e1s destacadas y admiradas en el \u00e1mbito internacional en las giras realizadas recientemente por pa\u00edses como Chile, Estados Unidos y Espa\u00f1a.<\/p>\n<p><strong>Invitan:<\/strong><br \/>\nInstituto Popular de Cultura de Santiago de Cali<br \/>\nRector\u00eda del Instituto Popular De Cultura<br \/>\nEscuela De Danzas IPC<br \/>\nMetrocali S.A.<br \/>\nBiblioteca Departamental Jorge Garc\u00e9s Borrero<\/p>\n","protected":false},"excerpt":{"rendered":"<p>El Instituto Popular de Cultura IPC en alianza con Metrocali S.A. y la Biblioteca Departamental Jorge Garc\u00e9s Borrero, celebrar\u00e1n el D\u00eda Internacional de la Danza. Con una propuesta creativa, llena de bailes y colorido, llega Danzando por Cali con el IPC, un recorrido por la ciudad a cargo del grupo[&#8230;]<\/p>\n","protected":false},"author":1,"featured_media":3320,"comment_status":"open","ping_status":"open","sticky":false,"template":"","format":"standard","meta":{"footnotes":""},"categories":[4],"tags":[],"_links":{"self":[{"href":"https:\/\/emisora.univalle.edu.co\/index.php\/wp-json\/wp\/v2\/posts\/3326"}],"collection":[{"href":"https:\/\/emisora.univalle.edu.co\/index.php\/wp-json\/wp\/v2\/posts"}],"about":[{"href":"https:\/\/emisora.univalle.edu.co\/index.php\/wp-json\/wp\/v2\/types\/post"}],"author":[{"embeddable":true,"href":"https:\/\/emisora.univalle.edu.co\/index.php\/wp-json\/wp\/v2\/users\/1"}],"replies":[{"embeddable":true,"href":"https:\/\/emisora.univalle.edu.co\/index.php\/wp-json\/wp\/v2\/comments?post=3326"}],"version-history":[{"count":1,"href":"https:\/\/emisora.univalle.edu.co\/index.php\/wp-json\/wp\/v2\/posts\/3326\/revisions"}],"predecessor-version":[{"id":3327,"href":"https:\/\/emisora.univalle.edu.co\/index.php\/wp-json\/wp\/v2\/posts\/3326\/revisions\/3327"}],"wp:featuredmedia":[{"embeddable":true,"href":"https:\/\/emisora.univalle.edu.co\/index.php\/wp-json\/wp\/v2\/media\/3320"}],"wp:attachment":[{"href":"https:\/\/emisora.univalle.edu.co\/index.php\/wp-json\/wp\/v2\/media?parent=3326"}],"wp:term":[{"taxonomy":"category","embeddable":true,"href":"https:\/\/emisora.univalle.edu.co\/index.php\/wp-json\/wp\/v2\/categories?post=3326"},{"taxonomy":"post_tag","embeddable":true,"href":"https:\/\/emisora.univalle.edu.co\/index.php\/wp-json\/wp\/v2\/tags?post=3326"}],"curies":[{"name":"wp","href":"https:\/\/api.w.org\/{rel}","templated":true}]}}