{"id":3340,"date":"2015-04-30T14:36:25","date_gmt":"2015-04-30T19:36:25","guid":{"rendered":"https:\/\/emisora.univalle.edu.co\/\/?p=3340"},"modified":"2015-04-30T14:36:25","modified_gmt":"2015-04-30T19:36:25","slug":"las-ciencias-y-las-humanidades-debate","status":"publish","type":"post","link":"https:\/\/emisora.univalle.edu.co\/index.php\/las-ciencias-y-las-humanidades-debate\/","title":{"rendered":"Las Ciencias y las Humanidades, a Debate"},"content":{"rendered":"<p>La Facultad de Humanidades de la Universidad del Valle invita a los profesores a participar en el Encuentro de \u00a0Facultades de Humanidades de Colombia que se llevar\u00e1 a cabo en septiembre y al cual ser\u00e1n trasladadas las inquietudes que surgieron en \u00a0el foro \u2018Las Humanidades en las pol\u00edticas de Colciencias\u2019, realizado a mediados de abril.<\/p>\n<p>Sobre las grandes conclusiones del foro, los panelistas coincidieron en se\u00f1alar que la cultura est\u00e1 excluida de la concepci\u00f3n cientificista de la investigaci\u00f3n que lidera Colciencias, y esto lleva a su vez a una serie de tensiones que est\u00e1 afectando, incluso, la relaci\u00f3n estudiante-estudiante.<\/p>\n<p>Alejandra Jaramillo, directora del Departamento de Literatura de la Universidad Nacional, cuyos grupos investigaci\u00f3n decidieron retirarse de la convocatoria 2014 de Colciencias, sostuvo que las Humanidades tienen el derecho de moverse en su pr\u00e1ctica y su l\u00f3gica.<\/p>\n<p>Para Jaramillo, \u201cno tenemos por qu\u00e9 estar constantemente demostrando que trabajamos en grupo cuando no es as\u00ed. Hacemos investigaciones particulares, hacemos libros y nuestro inter\u00e9s no est\u00e1 centrado en los art\u00edculos de revistas indexadas\u201d.<\/p>\n<p>En el mismo sentido se pronunci\u00f3 Francisco Cort\u00e9s Rodas, director del Instituto de Filosof\u00eda de la Universidad de Antioquia: \u201cQuienes pertenecemos a las Humanidades no hacemos ciencia, no investigamos en el mundo natural, nuestra vida no transcurre en los laboratorios\u201d.<\/p>\n<p>Y agreg\u00f3: \u201cNo buscamos hacer descubrimientos, en el sentido estricto del descubrimiento cient\u00edfico, ni escribimos \u00b4paper\u00b4 como lo hace un f\u00edsico o un bi\u00f3logo, sino que escribimos libros y art\u00edculos en el sentido tradicional\u201d.<\/p>\n<p>Tampoco es una pr\u00e1ctica normal para nosotros \u2013se\u00f1al\u00f3- \u201casociarnos con cinco o m\u00e1s investigadores para hacer investigaci\u00f3n: el \u00a0impacto de \u00e9sta es de larga y mediana duraci\u00f3n, y no se puede comparar mediante la citaci\u00f3n con el impacto inmediato\u201d.<\/p>\n<p>A su vez, Francisco Garc\u00eda Vallejo, del Departamento de Ciencias Fisiol\u00f3gicas de la Universidad del Valle y exdirector de Colciencias, mostr\u00f3 su desconcierto frente a lo que viene sucediendo en el campo de las humanidades.<\/p>\n<p>\u201cTodo sistema de medici\u00f3n es subjetiva, a pesar de que le apliquemos indicadores objetivos, y eso nos lleva a reflexionar \u00bfd\u00f3nde nos estamos moviendo? La Colciencias anterior involucraba realmente los procesos human\u00edsticos\u201d.<\/p>\n<p>Garc\u00eda Vallejo precis\u00f3 que, \u00a0con la Ley 1286, \u201cla nueva Colciencias queda en un rango casi ministerial, amarrado a la Presidencia, con las desventajas que esto pueda tener; si lo miramos desde el punto de vista del Plan de Desarrollo vemos una universidad que \u00a0tiende a lo polit\u00e9cnico y se desdibuja ese hacer del conocimiento cultural, human\u00edstico y social\u201d.<\/p>\n<p>De acuerdo con los panelistas, \u00e9ste problema est\u00e1 afectando no solo a los grupos de investigaci\u00f3n, el reconocimiento de los profesores y las posibles acreditaciones de los programas de Humanidades, sino al ambiente universitario en general, como lo resalt\u00f3 el profesor Cort\u00e9s Rodas, del Instituto de Filosof\u00eda de la Universidad de Antioquia.<\/p>\n<p>\u201cLa pol\u00edtica de Colciencias sobre el papel de la investigaci\u00f3n de la universidad se ha enfocado de manera clara por una concepci\u00f3n de universidad centrada en el conocimiento cient\u00edfico, la innovaci\u00f3n, la renta y el crecimiento econ\u00f3mico\u201d, dijo.<\/p>\n<p>Y eso excluye, seg\u00fan Cort\u00e9s, \u201cuna idea de universidad que articule el avance de la ciencia, la investigaci\u00f3n y la tecnolog\u00eda con el cultivo de \u00a0las humanidades, las ciencias sociales y las artes, generando hostilidad\u201d.<\/p>\n<p>\u201cLos no cient\u00edficos \u2013se\u00f1al\u00f3- tienen la impresi\u00f3n de que los cient\u00edficos son falsamente optimistas sin conciencia de la condici\u00f3n humana; por otra parte, los cient\u00edficos creen que los intelectuales literarios carecen totalmente de visi\u00f3n\u201d.<\/p>\n<p>El Foro se convirti\u00f3 as\u00ed en el abrebocas de la discusi\u00f3n que continuar\u00e1 en septiembre con el \u2018Encuentro de Facultades de Humanidades de Colombia\u2019, que abarcar\u00e1 a las universidades del pa\u00eds con Facultades de Arte y Humanidades, Facultades de Humanidades y Ciencias Sociales, Facultades de Ciencias Sociales y Humanas, Facultades de Humanidades y Arte o de Arte y Humanidades.<\/p>\n<p>Para los organizadores de este encuentro de las humanidades, el objetivo es configurar una asociaci\u00f3n acad\u00e9mica que pueda ser escuchada en las instancias pol\u00edtico administrativas del pa\u00eds.<\/p>\n<p>FUENTE: <b>Agencia de Noticias Univalle<\/b><\/p>\n","protected":false},"excerpt":{"rendered":"<p>La Facultad de Humanidades de la Universidad del Valle invita a los profesores a participar en el Encuentro de \u00a0Facultades de Humanidades de Colombia que se llevar\u00e1 a cabo en septiembre y al cual ser\u00e1n trasladadas las inquietudes que surgieron en \u00a0el foro \u2018Las Humanidades en las pol\u00edticas de Colciencias\u2019,[&#8230;]<\/p>\n","protected":false},"author":1,"featured_media":3341,"comment_status":"open","ping_status":"open","sticky":false,"template":"","format":"standard","meta":{"footnotes":""},"categories":[4],"tags":[],"_links":{"self":[{"href":"https:\/\/emisora.univalle.edu.co\/index.php\/wp-json\/wp\/v2\/posts\/3340"}],"collection":[{"href":"https:\/\/emisora.univalle.edu.co\/index.php\/wp-json\/wp\/v2\/posts"}],"about":[{"href":"https:\/\/emisora.univalle.edu.co\/index.php\/wp-json\/wp\/v2\/types\/post"}],"author":[{"embeddable":true,"href":"https:\/\/emisora.univalle.edu.co\/index.php\/wp-json\/wp\/v2\/users\/1"}],"replies":[{"embeddable":true,"href":"https:\/\/emisora.univalle.edu.co\/index.php\/wp-json\/wp\/v2\/comments?post=3340"}],"version-history":[{"count":1,"href":"https:\/\/emisora.univalle.edu.co\/index.php\/wp-json\/wp\/v2\/posts\/3340\/revisions"}],"predecessor-version":[{"id":3344,"href":"https:\/\/emisora.univalle.edu.co\/index.php\/wp-json\/wp\/v2\/posts\/3340\/revisions\/3344"}],"wp:featuredmedia":[{"embeddable":true,"href":"https:\/\/emisora.univalle.edu.co\/index.php\/wp-json\/wp\/v2\/media\/3341"}],"wp:attachment":[{"href":"https:\/\/emisora.univalle.edu.co\/index.php\/wp-json\/wp\/v2\/media?parent=3340"}],"wp:term":[{"taxonomy":"category","embeddable":true,"href":"https:\/\/emisora.univalle.edu.co\/index.php\/wp-json\/wp\/v2\/categories?post=3340"},{"taxonomy":"post_tag","embeddable":true,"href":"https:\/\/emisora.univalle.edu.co\/index.php\/wp-json\/wp\/v2\/tags?post=3340"}],"curies":[{"name":"wp","href":"https:\/\/api.w.org\/{rel}","templated":true}]}}