{"id":3564,"date":"2015-05-08T14:43:09","date_gmt":"2015-05-08T19:43:09","guid":{"rendered":"https:\/\/emisora.univalle.edu.co\/\/?p=3564"},"modified":"2015-05-08T14:43:09","modified_gmt":"2015-05-08T19:43:09","slug":"pico-y-placa-desde-las-600-m-empezara-regir-el-1-de-junio","status":"publish","type":"post","link":"https:\/\/emisora.univalle.edu.co\/index.php\/pico-y-placa-desde-las-600-m-empezara-regir-el-1-de-junio\/","title":{"rendered":"Pico y Placa desde las 6:00 a.m. empezar\u00e1 a regir el 1 de junio"},"content":{"rendered":"<p>El Secretario de Tr\u00e1nsito y Transporte de Cali, Alberto Hadad Lemos, aclar\u00f3 que la modificaci\u00f3n del horario de la medida de Pico y Placa para veh\u00edculos particulares en la ciudad regir\u00e1 a partir del 1 de junio pr\u00f3ximo.<\/p>\n<p>\u201cAunque la medida ya hab\u00eda sido anunciada, junto con el se\u00f1or alcalde Rodrigo Guerrero hemos evaluado todas las inquietudes de los colegios, universidades y padres de familia, y hemos considerado en dar un tiempo prudencial para iniciar\u00a0 la aplicaci\u00f3n del nuevo horario del Pico y Placa\u201d, indic\u00f3 el secretario.<\/p>\n<p>Agreg\u00f3: \u201cDe tal manera que ser\u00e1 a partir del pr\u00f3ximo lunes 1 de junio, cuando empiece a regir la modificaci\u00f3n, quedando\u00a0 en horario de 6:00 a 10:00 a.m. y de 5:00 a 8:00 p.m. y en la programaci\u00f3n actual, esto es: lunes placas terminadas en 5 y 6; martes en 7 y 8; mi\u00e9rcoles en 9 y 0; jueves en 1 y 2; y viernes en 3 y 4\u201d, dijo Hadad Lemos.<\/p>\n<p>Tras el anuncio, hizo un llamado a los cale\u00f1os. \u201cInvitamos a los padres de familia, a los estudiantes, a los colegios y universidades a que nos unamos ente todos para construir una ciudad modelo en cultura ciudadana. As\u00ed, lo que queremos es que compartan el veh\u00edculo y se turnen entre unos y otros para el traslado de los ni\u00f1os. Se trata de fomentar la solidaridad entre nosotros y aportemos con esta salida temporal a la problem\u00e1tica de la movilidad mientras llegan las obras de infraestructura que den soluci\u00f3n definitiva\u201d.<\/p>\n<p>Sobre las acciones que han realizado en la presente semana para mejorar la movilidad en el sur de la ciudad, dijo: \u201cHemos intervenido todos los sem\u00e1foros de la calle 5, calle 13 y calle 16 con carrera 100 y desde las 6:00 de la ma\u00f1ana los hemos apagado para efectuar\u00a0 regulaci\u00f3n manual y evacuar \u00e1gilmente el tr\u00e1fico de veh\u00edculos gracias a la \u2018ola verde\u2019 que generamos\u201d.<\/p>\n<p>En relaci\u00f3n con\u00a0 los veh\u00edculos matriculados en ciudades diferentes a Cali, dijo que \u201cel Pico y Placa para estos veh\u00edculos, continuar\u00e1 igual que para los matriculados en Cali, pues se est\u00e1 evaluando la viabilidad jur\u00eddica de la medida. Igualmente, estamos analizando definir horarios para la circulaci\u00f3n de los veh\u00edculos recolectores de basura, los de transporte de valores y los de transporte de carga de m\u00e1s de cinco toneladas durante las hora pico\u201d.<\/p>\n<p>FUENTE: Secretar\u00eda de Tr\u00e1nsito<\/p>\n","protected":false},"excerpt":{"rendered":"<p>El Secretario de Tr\u00e1nsito y Transporte de Cali, Alberto Hadad Lemos, aclar\u00f3 que la modificaci\u00f3n del horario de la medida de Pico y Placa para veh\u00edculos particulares en la ciudad regir\u00e1 a partir del 1 de junio pr\u00f3ximo. \u201cAunque la medida ya hab\u00eda sido anunciada, junto con el se\u00f1or alcalde[&#8230;]<\/p>\n","protected":false},"author":1,"featured_media":3565,"comment_status":"open","ping_status":"open","sticky":false,"template":"","format":"standard","meta":{"footnotes":""},"categories":[4],"tags":[],"_links":{"self":[{"href":"https:\/\/emisora.univalle.edu.co\/index.php\/wp-json\/wp\/v2\/posts\/3564"}],"collection":[{"href":"https:\/\/emisora.univalle.edu.co\/index.php\/wp-json\/wp\/v2\/posts"}],"about":[{"href":"https:\/\/emisora.univalle.edu.co\/index.php\/wp-json\/wp\/v2\/types\/post"}],"author":[{"embeddable":true,"href":"https:\/\/emisora.univalle.edu.co\/index.php\/wp-json\/wp\/v2\/users\/1"}],"replies":[{"embeddable":true,"href":"https:\/\/emisora.univalle.edu.co\/index.php\/wp-json\/wp\/v2\/comments?post=3564"}],"version-history":[{"count":1,"href":"https:\/\/emisora.univalle.edu.co\/index.php\/wp-json\/wp\/v2\/posts\/3564\/revisions"}],"predecessor-version":[{"id":3566,"href":"https:\/\/emisora.univalle.edu.co\/index.php\/wp-json\/wp\/v2\/posts\/3564\/revisions\/3566"}],"wp:featuredmedia":[{"embeddable":true,"href":"https:\/\/emisora.univalle.edu.co\/index.php\/wp-json\/wp\/v2\/media\/3565"}],"wp:attachment":[{"href":"https:\/\/emisora.univalle.edu.co\/index.php\/wp-json\/wp\/v2\/media?parent=3564"}],"wp:term":[{"taxonomy":"category","embeddable":true,"href":"https:\/\/emisora.univalle.edu.co\/index.php\/wp-json\/wp\/v2\/categories?post=3564"},{"taxonomy":"post_tag","embeddable":true,"href":"https:\/\/emisora.univalle.edu.co\/index.php\/wp-json\/wp\/v2\/tags?post=3564"}],"curies":[{"name":"wp","href":"https:\/\/api.w.org\/{rel}","templated":true}]}}