{"id":3586,"date":"2015-05-11T14:39:46","date_gmt":"2015-05-11T19:39:46","guid":{"rendered":"https:\/\/emisora.univalle.edu.co\/\/?p=3586"},"modified":"2015-05-11T14:39:46","modified_gmt":"2015-05-11T19:39:46","slug":"colombia-con-mega-necesidad-de-atencion-psicosocial","status":"publish","type":"post","link":"https:\/\/emisora.univalle.edu.co\/index.php\/colombia-con-mega-necesidad-de-atencion-psicosocial\/","title":{"rendered":"\u201cColombia, con mega-necesidad de atenci\u00f3n psicosocial\u201d"},"content":{"rendered":"<p><span style=\"line-height: 1.5em;\">A diario, las noticias nos cuentan hechos atroces a lo largo y ancho del territorio nacional. Paralelo a que somos la naci\u00f3n m\u00e1s feliz del mundo, o una de las m\u00e1s felices, los noticiarios dan cuenta de mujeres que han sido rociadas con \u00e1cido en la cara, de otras a las que han intentado violarlas en el transporte p\u00fablico, de hinchas al f\u00fatbol asesinados por llevar la camiseta del equipo contrario, de gobernantes educados en las mejores universidades del pa\u00eds y del exterior implicados en carruseles millonarios de la contrataci\u00f3n.\u00a0<\/span><\/p>\n<p>A las v\u00edctimas de esa org\u00eda de sangre, corrupci\u00f3n e intolerancia, habr\u00eda que agregar las que genera la delincuencia com\u00fan y el conflicto armado, no sin preguntarse: \u00bfqu\u00e9 est\u00e1 pasando en las mentes de los habitantes del pa\u00eds m\u00e1s feliz del mundo? Las respuestas a este cuestionamiento podr\u00edan venir de muchas esquinas.<\/p>\n<p>En Cali, m\u00e1s exactamente en el campus de la Universidad del Valle, se congregaron entre el mi\u00e9rcoles y viernes de la semana pasada, m\u00e1s de un centenar de trabajadores sociales de 25 universidades p\u00fablicas y privadas del pa\u00eds, la mayor\u00eda de ellos estudiantes con v\u00ednculos en la investigaci\u00f3n formativa. \u00a0Lo hicieron en el marco del III Encuentro Nacional Sobre Formaci\u00f3n Investigativa en Trabajo Social.<\/p>\n<p>El cierre del evento estuvo a cargo de la Trabajadora Social de la Universidad Nacional de Colombia y miembro del Consejo Nacional para la Educaci\u00f3n en Trabajo Social (Conets), Luisa Paola Sanabria. \u00bfSu conferencia? \u201cEl lugar de la investigaci\u00f3n en pol\u00edticas p\u00fablicas\u201d. Al final de su conversatorio la Agencia de Noticias de Univalle la abord\u00f3 para interrogarla sobre el ejercicio del trabajo social en el postconflicto.<\/p>\n<p><b>\u00bfC\u00f3mo ha afectado el conflicto armado las labores de campo de los trabajadores sociales?<\/b><\/p>\n<p>El conflicto armado ha colocado al trabajador social a desempe\u00f1ar nuevos roles, a enfrentar retos en t\u00e9rminos de configurar una pol\u00edtica p\u00fablica, a trabajar con comunidades fuertemente afectadas en t\u00e9rminos psicosociales y econ\u00f3micos; en muchas academias se ha incluido el tema de las v\u00edctimas del desplazamiento forzado como tema a tratar porque es uno de los fuertes de pol\u00edtica p\u00fablica, no solo ahora, sino en los pr\u00f3ximos 30 a\u00f1os en t\u00e9rminos de postconflicto y paz.<\/p>\n<p><b>Desde el trabajo social, \u00bfcu\u00e1l es el diagn\u00f3stico de la sociedad colombiana en el marco del conflicto armado?<\/b><\/p>\n<p>Al momento la unidad de v\u00edctimas tiene registrados 7,5 millones de v\u00edctimas por el conflicto armado en el pa\u00eds. Una ciudad como Bogot\u00e1, completa. El conflicto armado en t\u00e9rminos de trabajo social no es cualquier problema sino un mega-problema. Las personas que no han sido v\u00edctimas directas del conflicto al menos han presenciado escenarios del conflicto.<\/p>\n<p><b>\u00bfC\u00f3mo est\u00e1 la poblaci\u00f3n colombiana?<\/b><\/p>\n<p>Con unas necesidades gigantes de atenci\u00f3n psicosocial. Hay una asistencia humanitaria insuficiente; se requieren medidas de estabilizaci\u00f3n para que las personas puedan regresar a sus territorios y reconstruir sus vidas. Es tema de largo aliento.<\/p>\n<p><b>\u00bfC\u00f3mo una sociedad con unas necesidades psicosociales tan apremiantes puede ser una de las m\u00e1s felices del mundo?<\/b><\/p>\n<p>Lo que pasa es que el colombiano olvida la noticia de ayer porque ese es su modo de supervivencia mental. T\u00fa le preguntas a un colombiano que pas\u00f3 hace 20 a\u00f1os, \u00e9l prefiere no recordarlo por salud mental. Ahora, el ejercicio que tenemos que hacer en Colombia es la recuperaci\u00f3n de la memoria hist\u00f3rica, recordar las cosas que han pasado para no repetirlas; es necesario para reivindicar los derechos de las v\u00edctimas. Pero el colombiano tiene una capacidad de resiliencia sin la cual no podr\u00eda vivir.<\/p>\n<p><b>Usted habl\u00f3 de pol\u00edticas p\u00fablicas e investigaci\u00f3n \u00bfS\u00ed hay una pol\u00edtica p\u00fablica en el pa\u00eds hacia la investigaci\u00f3n en el campo social?<\/b><\/p>\n<p>Yo creo que estamos avanzando. Tengo la fortuna de conocer a muchos trabajadores sociales que laboran en instituciones p\u00fablicas y que incorporan la investigaci\u00f3n en su quehacer diario. Frente a las pol\u00edticas p\u00fablicas sobre investigaci\u00f3n en lo social escenarios como este nos permiten reflexionar sobre el ejercicio de la investigaci\u00f3n e ir un poco m\u00e1s a la vanguardia. Aunque hay m\u00e1s inversi\u00f3n en investigaci\u00f3n cient\u00edfica, la formulaci\u00f3n de toda pol\u00edtica p\u00fablica requiere un diagnostico inicial en la que el Estado necesita meterse la mano al bolsillo. Y muchas de las universidades aportan su grano de arena precisamente a este tipo de diagn\u00f3sticos.<\/p>\n<p><b>El gobierno negocia la paz en La Habana \u00bfC\u00f3mo se ven ustedes los trabajadores sociales en el post conflicto?<\/b><\/p>\n<p>Con mucho trabajo. Lo que encontramos a diario es una sociedad muy fracturada, comunidades enteras que no quieren recepcionar a personas desplazadas de regreso ahora a sus territorios. Creo que en el postconflicto el trabajo social no solo ser\u00e1 con los 7,5 millones de desplazados del pa\u00eds, v\u00edctimas directas del conflicto, sino con la poblaci\u00f3n en general. El tema de la reconciliaci\u00f3n en el postconflicto implica un trabajo con todos los colombianos. Las cuatro \u00faltimas generaciones crecimos en un pa\u00eds en conflicto.<\/p>\n<p><b>Va ser algo traum\u00e1tico ese trabajo?<\/b><\/p>\n<p>Si, va ser traum\u00e1tico, de largo aliento.<\/p>\n<p><b>\u00bfY se han replanteado el trabajo que habr\u00e1 que hacerse desde las facultades?<\/b><\/p>\n<p>De hecho, una de las cosas que se est\u00e1n haciendo en las escuelas de trabajo social es incorporar nuevamente el componente rural porque estamos hablando del retorno de una gran cantidad de poblaci\u00f3n a sus comunidades rurales. \u00a0La tendencia fue meternos en el tema urbano porque las personas estaban ac\u00e1, pero en el post conflicto es nuevamente la visi\u00f3n de ruralidad, de c\u00f3mo podemos ayudar a reconstruir esas comunidades. Creo que las escuelas de Trabajo Social est\u00e1n haciendo un esfuerzo grande en t\u00e9rminos de replantearse estos temas.<\/p>\n<p><b>\u00bfCu\u00e1l es la gran conclusi\u00f3n de este II Encuentro Nacional?<\/b><\/p>\n<p>Para m\u00ed, el reto de incorporar la investigaci\u00f3n a todos los campos del Trabajo Social: la familia, la comunidad, las pol\u00edticas p\u00fablicas; determinar los grandes temas de investigaci\u00f3n y hacer que el Trabajo Social pueda aportarle al pa\u00eds desde otras posturas \u00e9ticas y epistemol\u00f3gicas.<\/p>\n<p><b>En este an\u00e1lisis de sociedad que han hecho ustedes respecto al conflicto armado, \u00bfqui\u00e9nes est\u00e1n m\u00e1s rotos, m\u00e1s afectados?<\/b><\/p>\n<p>Las mujeres. Hay mucha v\u00edctima por violencia sexual por parte de los grupos armados, tema que apenas est\u00e1 saliendo a la luz. Era un modo como actuaban los paramilitares en el norte del pa\u00eds. Creo que las mujeres fueron las m\u00e1s afectadas. De hecho, son el 60% de las v\u00edctimas de la violencia en Colombia: viudas, violadas. Creo que esa reconstrucci\u00f3n del ser mujer es mucho m\u00e1s compleja por la cultura patriarcal de este pa\u00eds. Y all\u00ed estamos con el Trabajo Social.<\/p>\n<p><b>FUENTE: Agencia de Noticias Univalle<\/b><\/p>\n","protected":false},"excerpt":{"rendered":"<p>A diario, las noticias nos cuentan hechos atroces a lo largo y ancho del territorio nacional. Paralelo a que somos la naci\u00f3n m\u00e1s feliz del mundo, o una de las m\u00e1s felices, los noticiarios dan cuenta de mujeres que han sido rociadas con \u00e1cido en la cara, de otras a[&#8230;]<\/p>\n","protected":false},"author":1,"featured_media":3578,"comment_status":"open","ping_status":"open","sticky":false,"template":"","format":"standard","meta":{"footnotes":""},"categories":[4],"tags":[],"_links":{"self":[{"href":"https:\/\/emisora.univalle.edu.co\/index.php\/wp-json\/wp\/v2\/posts\/3586"}],"collection":[{"href":"https:\/\/emisora.univalle.edu.co\/index.php\/wp-json\/wp\/v2\/posts"}],"about":[{"href":"https:\/\/emisora.univalle.edu.co\/index.php\/wp-json\/wp\/v2\/types\/post"}],"author":[{"embeddable":true,"href":"https:\/\/emisora.univalle.edu.co\/index.php\/wp-json\/wp\/v2\/users\/1"}],"replies":[{"embeddable":true,"href":"https:\/\/emisora.univalle.edu.co\/index.php\/wp-json\/wp\/v2\/comments?post=3586"}],"version-history":[{"count":1,"href":"https:\/\/emisora.univalle.edu.co\/index.php\/wp-json\/wp\/v2\/posts\/3586\/revisions"}],"predecessor-version":[{"id":3587,"href":"https:\/\/emisora.univalle.edu.co\/index.php\/wp-json\/wp\/v2\/posts\/3586\/revisions\/3587"}],"wp:featuredmedia":[{"embeddable":true,"href":"https:\/\/emisora.univalle.edu.co\/index.php\/wp-json\/wp\/v2\/media\/3578"}],"wp:attachment":[{"href":"https:\/\/emisora.univalle.edu.co\/index.php\/wp-json\/wp\/v2\/media?parent=3586"}],"wp:term":[{"taxonomy":"category","embeddable":true,"href":"https:\/\/emisora.univalle.edu.co\/index.php\/wp-json\/wp\/v2\/categories?post=3586"},{"taxonomy":"post_tag","embeddable":true,"href":"https:\/\/emisora.univalle.edu.co\/index.php\/wp-json\/wp\/v2\/tags?post=3586"}],"curies":[{"name":"wp","href":"https:\/\/api.w.org\/{rel}","templated":true}]}}