{"id":3903,"date":"2015-05-21T11:44:28","date_gmt":"2015-05-21T16:44:28","guid":{"rendered":"https:\/\/emisora.univalle.edu.co\/\/?p=3903"},"modified":"2015-05-21T11:44:28","modified_gmt":"2015-05-21T16:44:28","slug":"comision-de-paz-departamental-fortalecera-la-participacion-ciudadana-para-crear-modelos-de-paz","status":"publish","type":"post","link":"https:\/\/emisora.univalle.edu.co\/index.php\/comision-de-paz-departamental-fortalecera-la-participacion-ciudadana-para-crear-modelos-de-paz\/","title":{"rendered":"Comisi\u00f3n de Paz departamental fortalecer\u00e1 la participaci\u00f3n ciudadana para crear modelos de paz"},"content":{"rendered":"<p><span style=\"line-height: 1.5em;\">El fortalecimiento de la participaci\u00f3n ciudadana para construir los modelos de paz territoriales en el Valle del Cauca fue la conclusi\u00f3n que tuvo la Comisi\u00f3n de Paz departamental presidida por el alto consejero para la Paz y los Derechos Humanos del Gobierno del Valle, Fabio Cardozo Montealegre, donde adem\u00e1s exalt\u00f3 el trabajo en conjunto que viene adelantando la Gobernaci\u00f3n con la Organizaci\u00f3n Internacional para las Migraciones OIM.\u00a0<\/span><\/p>\n<p>\u201cEste fortalecimiento se dar\u00e1 en las zonas cr\u00edticas de la regi\u00f3n, zonas que ya han sido previamente identificadas y que adem\u00e1s la Alta Consejer\u00eda ya ha tenido muchos acercamientos y espacios acad\u00e9micos e inclusivos donde se han trabajado con temas de paz y post conflicto. Es muy importante resaltar que este tipo de Comisiones o encuentros, sirven mucho para retroalimentar a los funcionarios y dem\u00e1s asistentes para que posteriormente el trabajo de construcci\u00f3n de modelos y agenda de paz,\u00a0 se lleve a cabalidad\u201d, manifest\u00f3 el gestor de Paz del Valle del Cauca, Fabio Ariel Cardo Montealegre.<\/p>\n<p>La representante de la OIM, Claudia Patricia Cano, resalt\u00f3 que \u201cprecisamente estos encuentros donde se vinculan los gremios, las autoridades tanto eclesi\u00e1sticas y policivas, la academia y las organizaciones, sirven mucho para la agenda de paz que tiene como prop\u00f3sito entregar el Gobierno del Valle del Cauca con la OIM a toda la regi\u00f3n, modelo que adem\u00e1s ser\u00e1 herramienta vitalicia para el pa\u00eds que seremos terminado el conflicto armado\u201d.<\/p>\n<p>Para la Gobernaci\u00f3n del Valle del Cauca en cabeza de Ubeimar Delgado Bland\u00f3n, la construcci\u00f3n de una agenda de paz que quede para la ciudadan\u00eda y las comunidades afectadas de todo el territorio vallecaucano, ha sido un tema de total relevancia, es por esto que viene apoyando y liderando todo tipo de actividades que vinculen este prop\u00f3sito a trav\u00e9s de la Alta Consejer\u00eda para la Paz y los Derechos Humanos.<\/p>\n<p>Fuente: Comunicaciones Gobernaci\u00f3n<\/p>\n","protected":false},"excerpt":{"rendered":"<p>El fortalecimiento de la participaci\u00f3n ciudadana para construir los modelos de paz territoriales en el Valle del Cauca fue la conclusi\u00f3n que tuvo la Comisi\u00f3n de Paz departamental presidida por el alto consejero para la Paz y los Derechos Humanos del Gobierno del Valle, Fabio Cardozo Montealegre, donde adem\u00e1s exalt\u00f3[&#8230;]<\/p>\n","protected":false},"author":1,"featured_media":3882,"comment_status":"open","ping_status":"open","sticky":false,"template":"","format":"standard","meta":{"footnotes":""},"categories":[4],"tags":[],"_links":{"self":[{"href":"https:\/\/emisora.univalle.edu.co\/index.php\/wp-json\/wp\/v2\/posts\/3903"}],"collection":[{"href":"https:\/\/emisora.univalle.edu.co\/index.php\/wp-json\/wp\/v2\/posts"}],"about":[{"href":"https:\/\/emisora.univalle.edu.co\/index.php\/wp-json\/wp\/v2\/types\/post"}],"author":[{"embeddable":true,"href":"https:\/\/emisora.univalle.edu.co\/index.php\/wp-json\/wp\/v2\/users\/1"}],"replies":[{"embeddable":true,"href":"https:\/\/emisora.univalle.edu.co\/index.php\/wp-json\/wp\/v2\/comments?post=3903"}],"version-history":[{"count":1,"href":"https:\/\/emisora.univalle.edu.co\/index.php\/wp-json\/wp\/v2\/posts\/3903\/revisions"}],"predecessor-version":[{"id":3904,"href":"https:\/\/emisora.univalle.edu.co\/index.php\/wp-json\/wp\/v2\/posts\/3903\/revisions\/3904"}],"wp:featuredmedia":[{"embeddable":true,"href":"https:\/\/emisora.univalle.edu.co\/index.php\/wp-json\/wp\/v2\/media\/3882"}],"wp:attachment":[{"href":"https:\/\/emisora.univalle.edu.co\/index.php\/wp-json\/wp\/v2\/media?parent=3903"}],"wp:term":[{"taxonomy":"category","embeddable":true,"href":"https:\/\/emisora.univalle.edu.co\/index.php\/wp-json\/wp\/v2\/categories?post=3903"},{"taxonomy":"post_tag","embeddable":true,"href":"https:\/\/emisora.univalle.edu.co\/index.php\/wp-json\/wp\/v2\/tags?post=3903"}],"curies":[{"name":"wp","href":"https:\/\/api.w.org\/{rel}","templated":true}]}}