{"id":3905,"date":"2015-05-21T11:46:46","date_gmt":"2015-05-21T16:46:46","guid":{"rendered":"https:\/\/emisora.univalle.edu.co\/\/?p=3905"},"modified":"2015-05-21T11:46:46","modified_gmt":"2015-05-21T16:46:46","slug":"gobierno-departamental-facilitaria-antiguas-bodegas-de-la-ilv-para-realizacion-de-la-feria-canton","status":"publish","type":"post","link":"https:\/\/emisora.univalle.edu.co\/index.php\/gobierno-departamental-facilitaria-antiguas-bodegas-de-la-ilv-para-realizacion-de-la-feria-canton\/","title":{"rendered":"Gobierno departamental facilitar\u00eda antiguas bodegas de la ILV para realizaci\u00f3n de la Feria Cant\u00f3n"},"content":{"rendered":"<p><span style=\"line-height: 1.5em;\">En las antiguas bodegas de la Industria de Licores del Valle se llevar\u00eda a cabo la Feria de Cant\u00f3n que ha venido coordinando el gobierno de China en diferentes pa\u00edses. As\u00ed lo anunci\u00f3 el gobernador \u00a0Ubeimar Delgado Bland\u00f3n quien anunci\u00f3 que la Gobernaci\u00f3n dar\u00eda dichas instalaciones en comodato.\u00a0<\/span><\/p>\n<p>El prop\u00f3sito es traer la Feria de cant\u00f3n al Valle y para eso se necesitan 30.000m2 para su respectiva instalaci\u00f3n durante un a\u00f1o. De acuerdo a los organizadores de la Feria, las antiguas instalaciones de la Licorera, ubicada en la carrera 1, en Cali, ser\u00edan perfectas pues esta infraestructura tiene 32.000m.<\/p>\n<p>\u201cEstamos muy convencidos y somos de puertas abiertas para este tipo de proyectos que son importantes para la ciudad, para Colombia y para Latinoam\u00e9rica ya que all\u00ed se van a llevar a cabo\u00a0 diferentes ruedas de de negocios\u201d, puntualiz\u00f3 el Gobernador Delgado.<\/p>\n<p>\u201cEl primer paso es firmar un convenio de voluntades con el gobierno chino y empezar las adecuaciones. A trav\u00e9s de este evento el Valle podr\u00e1 posicionar sus empresas, el turismo, y \u00a0vender a Colombia, a Cali y al Valle del Cauca. Se expondr\u00e1n productos de la China y de todo el mundo para ser comercializados en esta zona, esto atraer\u00e1 turistas, inversionistas y se convertir\u00e1 en el n\u00facleo de china en toda Am\u00e9rica\u201d, indic\u00f3 el director de Planeaci\u00f3n del Departamento, Juan Guillermo Valencia de la Torre.<\/p>\n<p>En contraprestaci\u00f3n, los directivos chinos invertir\u00edan una cantidad de plata en adecuar el lugar y todo el montaje y la operaci\u00f3n durante el tiempo que dure el comodato. En los pr\u00f3ximos d\u00edas llegar\u00e1 a Cali el primer ministro chino para ultimar los detalles del evento que se convertir\u00eda en una oportunidad \u00fanica para el Valle para mostrar sus bondades.<\/p>\n<p>A la reuni\u00f3n con el Gobernador Ubeimar Delgado asisti\u00f3 el alcalde de Cali, Rodrigo Guerrero; Esteban Pied\u00edahita Presidente C\u00e1mara de Comercio de Cali, Alejandro Ossa ex director oficina comercial procolombia China socio director pacific Consulting , Gao Yuan Vicepresidente IZP Latinoam\u00e9rica, Mar\u00eda Eugenia Lloreda directiva de Invest Pacific y Carolina Monsalve gerente de servicios Invest pacific<\/p>\n<p>Fuente: Comunicaciones Gobernaci\u00f3n<\/p>\n","protected":false},"excerpt":{"rendered":"<p>En las antiguas bodegas de la Industria de Licores del Valle se llevar\u00eda a cabo la Feria de Cant\u00f3n que ha venido coordinando el gobierno de China en diferentes pa\u00edses. As\u00ed lo anunci\u00f3 el gobernador \u00a0Ubeimar Delgado Bland\u00f3n quien anunci\u00f3 que la Gobernaci\u00f3n dar\u00eda dichas instalaciones en comodato.\u00a0 El prop\u00f3sito[&#8230;]<\/p>\n","protected":false},"author":1,"featured_media":3885,"comment_status":"open","ping_status":"open","sticky":false,"template":"","format":"standard","meta":{"footnotes":""},"categories":[4],"tags":[],"_links":{"self":[{"href":"https:\/\/emisora.univalle.edu.co\/index.php\/wp-json\/wp\/v2\/posts\/3905"}],"collection":[{"href":"https:\/\/emisora.univalle.edu.co\/index.php\/wp-json\/wp\/v2\/posts"}],"about":[{"href":"https:\/\/emisora.univalle.edu.co\/index.php\/wp-json\/wp\/v2\/types\/post"}],"author":[{"embeddable":true,"href":"https:\/\/emisora.univalle.edu.co\/index.php\/wp-json\/wp\/v2\/users\/1"}],"replies":[{"embeddable":true,"href":"https:\/\/emisora.univalle.edu.co\/index.php\/wp-json\/wp\/v2\/comments?post=3905"}],"version-history":[{"count":1,"href":"https:\/\/emisora.univalle.edu.co\/index.php\/wp-json\/wp\/v2\/posts\/3905\/revisions"}],"predecessor-version":[{"id":3906,"href":"https:\/\/emisora.univalle.edu.co\/index.php\/wp-json\/wp\/v2\/posts\/3905\/revisions\/3906"}],"wp:featuredmedia":[{"embeddable":true,"href":"https:\/\/emisora.univalle.edu.co\/index.php\/wp-json\/wp\/v2\/media\/3885"}],"wp:attachment":[{"href":"https:\/\/emisora.univalle.edu.co\/index.php\/wp-json\/wp\/v2\/media?parent=3905"}],"wp:term":[{"taxonomy":"category","embeddable":true,"href":"https:\/\/emisora.univalle.edu.co\/index.php\/wp-json\/wp\/v2\/categories?post=3905"},{"taxonomy":"post_tag","embeddable":true,"href":"https:\/\/emisora.univalle.edu.co\/index.php\/wp-json\/wp\/v2\/tags?post=3905"}],"curies":[{"name":"wp","href":"https:\/\/api.w.org\/{rel}","templated":true}]}}