{"id":4228,"date":"2015-06-01T14:54:44","date_gmt":"2015-06-01T19:54:44","guid":{"rendered":"https:\/\/emisora.univalle.edu.co\/\/?p=4228"},"modified":"2015-06-01T14:54:44","modified_gmt":"2015-06-01T19:54:44","slug":"en-cali-fallecio-rodolfo-martinez-tono-fundador-del-servicio-nacional-de-aprendizaje-sena","status":"publish","type":"post","link":"https:\/\/emisora.univalle.edu.co\/index.php\/en-cali-fallecio-rodolfo-martinez-tono-fundador-del-servicio-nacional-de-aprendizaje-sena\/","title":{"rendered":"En Cali falleci\u00f3 Rodolfo Mart\u00ednez Tono, fundador del Servicio Nacional de Aprendizaje, Sena."},"content":{"rendered":"<p><span style=\"line-height: 1.5em;\">El\u00a0abogado y economista cartagenero, Rodolfo Mart\u00ednez\u00a0Tono,\u00a0fundador del Servicio Nacional de Aprendizaje, Sena, una de las instituciones m\u00e1s queridas por los colombianos, falleci\u00f3 en Cali a sus 88 a\u00f1os.<\/span><\/p>\n<p>Mart\u00ednez Tono, quien\u00a0fue, adem\u00e1s, Registrador del Estado Civil, ministro del Trabajo encargado y embajador en Suecia, era egresado de la Universidad Nacional.\u00a0Impuls\u00f3 el nacimiento del Sena durante el gobierno de la Junta Militar, posterior a la renuncia del General Gustavo Rojas Pinilla, mediante el Decreto-Ley 118, del 21 de junio de 1957.<\/p>\n<p>Su funci\u00f3n, definida en el Decreto 164 del 6 de agosto de 1957, fue\u00a0brindar formaci\u00f3n profesional a trabajadores, j\u00f3venes y adultos de la industria, el comercio, el campo, la miner\u00eda y la ganader\u00eda.<\/p>\n<p>Antes de cumplir 30 a\u00f1os, Rodolfo\u00a0Mart\u00ednez, quien era especialista en derecho del trabajo, convirti\u00f3 su tesis de grado, \u2018La Formaci\u00f3n Profesional en el Marco de una Pol\u00edtica de Empleo\u2019, en el actual Sena, instituci\u00f3n a la cual estuvo vinculado durante 20 a\u00f1os, hasta el cambio de direcci\u00f3n propuesto por el presidente Alfonso L\u00f3pez Michelsen en 1974.<\/p>\n<p>Fue considerado un verdadero revolucionario de la educaci\u00f3n y la formaci\u00f3n tecnol\u00f3gica. Gracias a su dinamismo y su energ\u00eda sin l\u00edmites, logr\u00f3 que Colombia diera el mayor salto cuantitativo y cualitativo de su historia, pues siempre estuvo convencido de que sin capacitaci\u00f3n del recurso humano no habr\u00eda desarrollo social ni econ\u00f3mico.<\/p>\n<p>\u00abEse sue\u00f1o recog\u00eda, en parte, un anhelo de las clases trabajadores que, algunos a\u00f1os antes, a trav\u00e9s de las organizaciones sociales constituidas en ese entonces, plantearon la necesidad de que el pa\u00eds contara con un instituto de ense\u00f1anza laboral t\u00e9cnica\u00bb, record\u00f3 el\u00a0<strong>director actual del Sena, Alfonso Prada.<\/strong><\/p>\n<p>Foto: Colprensa<\/p>\n","protected":false},"excerpt":{"rendered":"<p>El\u00a0abogado y economista cartagenero, Rodolfo Mart\u00ednez\u00a0Tono,\u00a0fundador del Servicio Nacional de Aprendizaje, Sena, una de las instituciones m\u00e1s queridas por los colombianos, falleci\u00f3 en Cali a sus 88 a\u00f1os. Mart\u00ednez Tono, quien\u00a0fue, adem\u00e1s, Registrador del Estado Civil, ministro del Trabajo encargado y embajador en Suecia, era egresado de la Universidad Nacional.\u00a0Impuls\u00f3[&#8230;]<\/p>\n","protected":false},"author":1,"featured_media":4227,"comment_status":"open","ping_status":"open","sticky":false,"template":"","format":"standard","meta":{"footnotes":""},"categories":[4],"tags":[],"_links":{"self":[{"href":"https:\/\/emisora.univalle.edu.co\/index.php\/wp-json\/wp\/v2\/posts\/4228"}],"collection":[{"href":"https:\/\/emisora.univalle.edu.co\/index.php\/wp-json\/wp\/v2\/posts"}],"about":[{"href":"https:\/\/emisora.univalle.edu.co\/index.php\/wp-json\/wp\/v2\/types\/post"}],"author":[{"embeddable":true,"href":"https:\/\/emisora.univalle.edu.co\/index.php\/wp-json\/wp\/v2\/users\/1"}],"replies":[{"embeddable":true,"href":"https:\/\/emisora.univalle.edu.co\/index.php\/wp-json\/wp\/v2\/comments?post=4228"}],"version-history":[{"count":1,"href":"https:\/\/emisora.univalle.edu.co\/index.php\/wp-json\/wp\/v2\/posts\/4228\/revisions"}],"predecessor-version":[{"id":4229,"href":"https:\/\/emisora.univalle.edu.co\/index.php\/wp-json\/wp\/v2\/posts\/4228\/revisions\/4229"}],"wp:featuredmedia":[{"embeddable":true,"href":"https:\/\/emisora.univalle.edu.co\/index.php\/wp-json\/wp\/v2\/media\/4227"}],"wp:attachment":[{"href":"https:\/\/emisora.univalle.edu.co\/index.php\/wp-json\/wp\/v2\/media?parent=4228"}],"wp:term":[{"taxonomy":"category","embeddable":true,"href":"https:\/\/emisora.univalle.edu.co\/index.php\/wp-json\/wp\/v2\/categories?post=4228"},{"taxonomy":"post_tag","embeddable":true,"href":"https:\/\/emisora.univalle.edu.co\/index.php\/wp-json\/wp\/v2\/tags?post=4228"}],"curies":[{"name":"wp","href":"https:\/\/api.w.org\/{rel}","templated":true}]}}