{"id":4532,"date":"2015-06-12T10:37:10","date_gmt":"2015-06-12T15:37:10","guid":{"rendered":"https:\/\/emisora.univalle.edu.co\/\/?p=4532"},"modified":"2015-06-12T10:37:10","modified_gmt":"2015-06-12T15:37:10","slug":"se-inaugura-moderno-centro-cultural-y-biblioteca-en-corregimiento-la-leonera","status":"publish","type":"post","link":"https:\/\/emisora.univalle.edu.co\/index.php\/se-inaugura-moderno-centro-cultural-y-biblioteca-en-corregimiento-la-leonera\/","title":{"rendered":"Se inaugura moderno centro cultural y biblioteca en corregimiento la Leonera"},"content":{"rendered":"<p><span style=\"line-height: 1.5em;\">Luego de varios a\u00f1os de espera, la comunidad de La Leonera, tendr\u00e1 la posibilidad de utilizar los servicios del Nuevo Centro Cultural \u2013 Biblioteca del corregimiento, que ofrecer\u00e1 una serie de servicios integrados por parte de varias dependencias de la administraci\u00f3n municipal.\u00a0\u00a0 El acto presidido por el alcalde de Cali, Rodrigo Guerrero Velasco, se cumplir\u00e1 este s\u00e1bado 13 de junio a partir de las 9:00 de la ma\u00f1ana.<\/span><\/p>\n<p>En esta obra se han invertido m\u00e1s de $ 1.628 millones de pesos, correspondientes a recursos de la Secretar\u00eda de Cultura y Turismo, por $985.349.045.oo, sumados a $592.798.319, aportados por la comunidad a trav\u00e9s del Situado Fiscal. En la etapa m\u00e1s reciente, la Fundaci\u00f3n BiblioTec, adelanta un aporte de $ 50 millones de pesos, en lo referente a dotaci\u00f3n del mobiliario y la se\u00f1al\u00e9tica de las instalaciones.<\/p>\n<p>La ciudadan\u00eda recibir\u00e1 unas modernas, amplias y confortables aulas que dar\u00e1n espacio para las actividades de ni\u00f1os, adolescentes, j\u00f3venes y adultos, en programas de formaci\u00f3n e iniciaci\u00f3n art\u00edstica en danza, teatro, interpretaci\u00f3n instrumental pintura y culinaria.<\/p>\n<p>La Red de Bibliotecas P\u00fablicas Comunitarias, adscrita a la Secretar\u00eda de Cultura y Turismo de Cali, se encargar\u00e1 de implementar estrategias de promoci\u00f3n de lectura y escritura, por tal motivo se dise\u00f1\u00f3 un mobiliario, acorde a los grupos poblacionales que se atender\u00e1n.<\/p>\n<p>Contando con la participaci\u00f3n del Comit\u00e9 de Planificaci\u00f3n del corregimiento, las agentes culturales y otras organizaciones, se acordaron las siguientes actividades, para ser desarrolladas en la jornada inaugural, donde se contar\u00e1 con la asistencia del Alcalde, Rodrigo Guerrero Velasco y la Secretar\u00eda de Cultura y Turismo de Cali, Mar\u00eda Helena Qui\u00f1\u00f3nez.<\/p>\n<p><strong>Actividades a desarrollar:<\/strong><\/p>\n<p>1. Recorrido por tres estantes donde se expone el potencial Cultural, Ecoturistico y Ambiental de La Regi\u00f3n, ubicados en la sala de exposiciones del Centro Cultural.<\/p>\n<p>\u00b7\u00a0\u00a0\u00a0\u00a0\u00a0\u00a0\u00a0 Espacio Cultural: Donde se pretender\u00e1 mostrar la riqueza art\u00edstica del corregimiento reivindicando la m\u00fasica de cuerda y campesina como expresi\u00f3n hist\u00f3rica cultural de la comunidad, se podr\u00e1n instrumentos musicales como guitarras, flautas, letras de canciones tradicionales, fotograf\u00edas de eventos musicales adem\u00e1s de pinturas de aves del corregimiento. Responsables: Agentes Culturales y el profesor Tom\u00e1s Dorian Mu\u00f1oz.<\/p>\n<p>\u00b7\u00a0\u00a0\u00a0\u00a0\u00a0\u00a0\u00a0 Ambiental: Exposici\u00f3n de plantas caracter\u00edsticas territorio, fotograf\u00edas de fauna y flora y de propuestas de la comunidad que han propendido por el reconocimiento de la naturaleza, su necesario respeto y cuidado. Responsables: Asousuarios La Leonera, Bichacueyath, y Agentes Culturales.<\/p>\n<p>\u00b7\u00a0\u00a0\u00a0\u00a0\u00a0\u00a0\u00a0 Eco tur\u00edstico: exposici\u00f3n de la propuesta eco tur\u00edstica de la regi\u00f3n como alternativa educativa y econ\u00f3mica de la poblaci\u00f3n, muestra de productos\u00a0 agr\u00edcolas: ma\u00edz, naranjas, limones, caf\u00e9, banano, pl\u00e1tano, etc. Productos artesanas, gastron\u00f3micos y oferta tur\u00edstica como senderos, restaurantes, hospedaje. Responsables: Destino Leonera y Agentes Culturales.<\/p>\n<p>Entre los artistas invitados, se destacan \u2018Los Leones del Recuerdo\u2019 y el grupo de la Red de Bibliotecas.<\/p>\n<p>Informes:<br \/>\n885 88 52 ext. 118<\/p>\n<p>312 829 50 20<\/p>\n<p>Fotos:<br \/>\nAymer Andr\u00e9s \u00c1lvarez<\/p>\n","protected":false},"excerpt":{"rendered":"<p>Luego de varios a\u00f1os de espera, la comunidad de La Leonera, tendr\u00e1 la posibilidad de utilizar los servicios del Nuevo Centro Cultural \u2013 Biblioteca del corregimiento, que ofrecer\u00e1 una serie de servicios integrados por parte de varias dependencias de la administraci\u00f3n municipal.\u00a0\u00a0 El acto presidido por el alcalde de Cali,[&#8230;]<\/p>\n","protected":false},"author":1,"featured_media":4521,"comment_status":"open","ping_status":"open","sticky":false,"template":"","format":"standard","meta":{"footnotes":""},"categories":[4],"tags":[],"_links":{"self":[{"href":"https:\/\/emisora.univalle.edu.co\/index.php\/wp-json\/wp\/v2\/posts\/4532"}],"collection":[{"href":"https:\/\/emisora.univalle.edu.co\/index.php\/wp-json\/wp\/v2\/posts"}],"about":[{"href":"https:\/\/emisora.univalle.edu.co\/index.php\/wp-json\/wp\/v2\/types\/post"}],"author":[{"embeddable":true,"href":"https:\/\/emisora.univalle.edu.co\/index.php\/wp-json\/wp\/v2\/users\/1"}],"replies":[{"embeddable":true,"href":"https:\/\/emisora.univalle.edu.co\/index.php\/wp-json\/wp\/v2\/comments?post=4532"}],"version-history":[{"count":1,"href":"https:\/\/emisora.univalle.edu.co\/index.php\/wp-json\/wp\/v2\/posts\/4532\/revisions"}],"predecessor-version":[{"id":4533,"href":"https:\/\/emisora.univalle.edu.co\/index.php\/wp-json\/wp\/v2\/posts\/4532\/revisions\/4533"}],"wp:featuredmedia":[{"embeddable":true,"href":"https:\/\/emisora.univalle.edu.co\/index.php\/wp-json\/wp\/v2\/media\/4521"}],"wp:attachment":[{"href":"https:\/\/emisora.univalle.edu.co\/index.php\/wp-json\/wp\/v2\/media?parent=4532"}],"wp:term":[{"taxonomy":"category","embeddable":true,"href":"https:\/\/emisora.univalle.edu.co\/index.php\/wp-json\/wp\/v2\/categories?post=4532"},{"taxonomy":"post_tag","embeddable":true,"href":"https:\/\/emisora.univalle.edu.co\/index.php\/wp-json\/wp\/v2\/tags?post=4532"}],"curies":[{"name":"wp","href":"https:\/\/api.w.org\/{rel}","templated":true}]}}