{"id":4536,"date":"2015-06-12T10:43:05","date_gmt":"2015-06-12T15:43:05","guid":{"rendered":"https:\/\/emisora.univalle.edu.co\/\/?p=4536"},"modified":"2015-06-12T10:43:05","modified_gmt":"2015-06-12T15:43:05","slug":"congreso-internacional-de-odontologia-en-univalle","status":"publish","type":"post","link":"https:\/\/emisora.univalle.edu.co\/index.php\/congreso-internacional-de-odontologia-en-univalle\/","title":{"rendered":"Congreso Internacional de Odontolog\u00eda en Univalle"},"content":{"rendered":"<p><span style=\"line-height: 1.5em;\">Con la presencia de expertos procedentes de universidades de Europa, Estados Unidos y Am\u00e9rica\u00a0del Sur, se llevar\u00e1 a cabo entre jueves y viernes el Congreso Internacional de Odontolog\u00eda en el\u00a0campus San Fernando de la Universidad del Valle.<\/span><\/p>\n<p>El encuentro organizado por la Escuela de Odontolog\u00eda hace parte de la programaci\u00f3n acad\u00e9mica\u00a0por los 70 a\u00f1os de la Universidad del Valle y los 45 de creaci\u00f3n del Programa de Odontolog\u00eda, a\u00a0celebrarse este viernes.<\/p>\n<p>Profesionales del \u00e1rea de la salud bucal formados en esta Escuela y tambi\u00e9n en reconocidas\u00a0instituciones alrededor del mundo (Estados Unidos, Brasil, Chile, Espa\u00f1a, M\u00e9xico y Reino Unido)\u00a0participar\u00e1n como ponentes del Congreso Internacional.<\/p>\n<p>Entre los temas a abordar por los panelistas est\u00e1n el tratamiento de la caries, monitoreo de\u00a0riesgos para la salud bucal y general, la ortodoncia transdisciplinar, imagenolog\u00eda e implantolog\u00eda,\u00a0entre otros.<\/p>\n<p>Seg\u00fan los organizadores, los diferentes temas abarcan enfoques cl\u00ednicos, comunitarios e\u00a0investigaci\u00f3n, los cuales hacen parte del recorrido acad\u00e9mico realizado por la Escuela de\u00a0Odontolog\u00eda desde 1970.<\/p>\n<p>A la actividad estrictamente acad\u00e9mica se suman otras de tipo cultural e institucional realizadas\u00a0por la Universidad del Valle en el marco del 70 aniversario del centro de estudios superior de los\u00a0vallecaucanos.<\/p>\n<p>Evento: Congreso Internacional de Odontolog\u00eda<\/p>\n<p><strong>Fecha<\/strong>: 11 y 12 de junio<\/p>\n<p><strong>Lugar<\/strong>: Auditorios Ives Chatain y Diego Delgadillo, Campus San Fernando<\/p>\n<p>Entrada libre. Previa inscripci\u00f3n.<\/p>\n<p>La programaci\u00f3n la puedes ver en la siguiente direcci\u00f3n: http:\/\/salud.univalle.edu.co\/comunicandosalud\/wp-content\/uploads\/2015\/06\/PROGRAMACI%C3%93N-CONGRESO-INTERNACIONAL-ESCUELA-DE-ODONTOLOG%C3%8DA-45-A%C3%91OS..pdf<\/p>\n<p>Fuente: Agencia de Noticias Univalle<\/p>\n","protected":false},"excerpt":{"rendered":"<p>Con la presencia de expertos procedentes de universidades de Europa, Estados Unidos y Am\u00e9rica\u00a0del Sur, se llevar\u00e1 a cabo entre jueves y viernes el Congreso Internacional de Odontolog\u00eda en el\u00a0campus San Fernando de la Universidad del Valle. El encuentro organizado por la Escuela de Odontolog\u00eda hace parte de la programaci\u00f3n[&#8230;]<\/p>\n","protected":false},"author":1,"featured_media":4537,"comment_status":"open","ping_status":"open","sticky":false,"template":"","format":"standard","meta":{"footnotes":""},"categories":[4],"tags":[],"_links":{"self":[{"href":"https:\/\/emisora.univalle.edu.co\/index.php\/wp-json\/wp\/v2\/posts\/4536"}],"collection":[{"href":"https:\/\/emisora.univalle.edu.co\/index.php\/wp-json\/wp\/v2\/posts"}],"about":[{"href":"https:\/\/emisora.univalle.edu.co\/index.php\/wp-json\/wp\/v2\/types\/post"}],"author":[{"embeddable":true,"href":"https:\/\/emisora.univalle.edu.co\/index.php\/wp-json\/wp\/v2\/users\/1"}],"replies":[{"embeddable":true,"href":"https:\/\/emisora.univalle.edu.co\/index.php\/wp-json\/wp\/v2\/comments?post=4536"}],"version-history":[{"count":1,"href":"https:\/\/emisora.univalle.edu.co\/index.php\/wp-json\/wp\/v2\/posts\/4536\/revisions"}],"predecessor-version":[{"id":4538,"href":"https:\/\/emisora.univalle.edu.co\/index.php\/wp-json\/wp\/v2\/posts\/4536\/revisions\/4538"}],"wp:featuredmedia":[{"embeddable":true,"href":"https:\/\/emisora.univalle.edu.co\/index.php\/wp-json\/wp\/v2\/media\/4537"}],"wp:attachment":[{"href":"https:\/\/emisora.univalle.edu.co\/index.php\/wp-json\/wp\/v2\/media?parent=4536"}],"wp:term":[{"taxonomy":"category","embeddable":true,"href":"https:\/\/emisora.univalle.edu.co\/index.php\/wp-json\/wp\/v2\/categories?post=4536"},{"taxonomy":"post_tag","embeddable":true,"href":"https:\/\/emisora.univalle.edu.co\/index.php\/wp-json\/wp\/v2\/tags?post=4536"}],"curies":[{"name":"wp","href":"https:\/\/api.w.org\/{rel}","templated":true}]}}