{"id":4548,"date":"2015-06-12T15:09:08","date_gmt":"2015-06-12T20:09:08","guid":{"rendered":"https:\/\/emisora.univalle.edu.co\/\/?p=4548"},"modified":"2015-08-05T15:16:18","modified_gmt":"2015-08-05T20:16:18","slug":"reconocimiento-los-mas-destacados-de-la-universidad-del-valle","status":"publish","type":"post","link":"https:\/\/emisora.univalle.edu.co\/index.php\/reconocimiento-los-mas-destacados-de-la-universidad-del-valle\/","title":{"rendered":"Reconocimiento a los m\u00e1s destacados de la Universidad del Valle"},"content":{"rendered":"<p><i>La Fundaci\u00f3n Universidad del Valle, en el marco de los 70 a\u00f1os de la Universidad del Valle, \u00a0llev\u00f3 a cabo el evento de reconocimiento a los profesores, investigadores, egresados y estudiantes destacados de la Universidad del Valle. El evento\u00a0cont\u00f3 con la presencia del Se\u00f1or Rector de la Universidad del Valle, Dr. Iv\u00e1n Enrique Ramos Calder\u00f3n, el Se\u00f1or Director Ejecutivo de la Fundaci\u00f3n Universidad del Valle, Dr. Gustavo Rivera Marmolejo, el Se\u00f1or Gobernador del Valle del Cauca, Dr. Ubeimar Delgado Bland\u00f3n y\u00a0los Vicerrectores, Decanos y Directores de las diferentes facultades y escuelas de la Universidad del Valle.<\/i><\/p>\n<p>M\u00e1s de 30 estudiantes y egresados recibieron este importante reconocimiento, incluyendo los matriculados en las sedes regionales,\u00a0por sus resultados acad\u00e9micos, seg\u00fan promedio obtenido en el segundo semestre del a\u00f1o 2014. El estudiante Sebasti\u00e1n Mu\u00f1oz Mu\u00f1oz, del programa acad\u00e9mico de Matem\u00e1ticas, fue uno de los m\u00e1s destacados,\u00a0al reportar\u00a0calificaciones\u00a0para las materias cursadas en\u00a0<b>(5.00)<\/b><\/p>\n<p>La Fundaci\u00f3n adem\u00e1s entreg\u00f3 menciones especiales a aquellos docentes, investigadores, egresados y profesionales de la Universidad, que por los aportes a la ciencia, la tecnolog\u00eda y el conocimiento y por su brillante carrera, se han destacado; entre\u00a0ellos el Dr. Jaime Ram\u00f3n Rubiano Vinuessa, por su trayectoria acad\u00e9mica, cient\u00edfica y por su excelente gesti\u00f3n administrativa, al frente del Hospital Universitario del Valle, poniendo en alto el nombre de la Universidad del Valle.<\/p>\n<p>Los arquitectos Mario Fernando Camargo G\u00f3mez y Luis Orlando Tomb\u00e9 Hurtado, por el galard\u00f3n de ORO obtenido a nivel internacional, en el Global Holcim Awards con la obra urban\u00edstica denominada \u201cORFELINATO\u201d.<\/p>\n<p>El Director y Guionista egresado de la Universidad del Valle Cesar Augusto Acevedo, por ser el ganador de la C\u00e1mara de Oro a la Mejor \u00d3pera Prima en el Festival de Cine de Cannes, por su pel\u00edcula \u201cLa Tierra y la Sombra\u201d seleccionada entre 1.750 filmes para competir en Cannes; entre otros importantes reconocimientos que fueron entregados.<\/p>\n","protected":false},"excerpt":{"rendered":"<p>La Fundaci\u00f3n Universidad del Valle, en el marco de los 70 a\u00f1os de la Universidad del Valle, \u00a0llev\u00f3 a cabo el evento de reconocimiento a los profesores, investigadores, egresados y estudiantes destacados de la Universidad del Valle. El evento\u00a0cont\u00f3 con la presencia del Se\u00f1or Rector de la Universidad del Valle,[&#8230;]<\/p>\n","protected":false},"author":1,"featured_media":4549,"comment_status":"open","ping_status":"open","sticky":false,"template":"","format":"standard","meta":{"footnotes":""},"categories":[4],"tags":[],"_links":{"self":[{"href":"https:\/\/emisora.univalle.edu.co\/index.php\/wp-json\/wp\/v2\/posts\/4548"}],"collection":[{"href":"https:\/\/emisora.univalle.edu.co\/index.php\/wp-json\/wp\/v2\/posts"}],"about":[{"href":"https:\/\/emisora.univalle.edu.co\/index.php\/wp-json\/wp\/v2\/types\/post"}],"author":[{"embeddable":true,"href":"https:\/\/emisora.univalle.edu.co\/index.php\/wp-json\/wp\/v2\/users\/1"}],"replies":[{"embeddable":true,"href":"https:\/\/emisora.univalle.edu.co\/index.php\/wp-json\/wp\/v2\/comments?post=4548"}],"version-history":[{"count":2,"href":"https:\/\/emisora.univalle.edu.co\/index.php\/wp-json\/wp\/v2\/posts\/4548\/revisions"}],"predecessor-version":[{"id":4552,"href":"https:\/\/emisora.univalle.edu.co\/index.php\/wp-json\/wp\/v2\/posts\/4548\/revisions\/4552"}],"wp:featuredmedia":[{"embeddable":true,"href":"https:\/\/emisora.univalle.edu.co\/index.php\/wp-json\/wp\/v2\/media\/4549"}],"wp:attachment":[{"href":"https:\/\/emisora.univalle.edu.co\/index.php\/wp-json\/wp\/v2\/media?parent=4548"}],"wp:term":[{"taxonomy":"category","embeddable":true,"href":"https:\/\/emisora.univalle.edu.co\/index.php\/wp-json\/wp\/v2\/categories?post=4548"},{"taxonomy":"post_tag","embeddable":true,"href":"https:\/\/emisora.univalle.edu.co\/index.php\/wp-json\/wp\/v2\/tags?post=4548"}],"curies":[{"name":"wp","href":"https:\/\/api.w.org\/{rel}","templated":true}]}}