{"id":4566,"date":"2015-06-16T10:56:57","date_gmt":"2015-06-16T15:56:57","guid":{"rendered":"https:\/\/emisora.univalle.edu.co\/\/?p=4566"},"modified":"2015-06-16T10:56:57","modified_gmt":"2015-06-16T15:56:57","slug":"cual-es-el-minimo-vital-de-agua-al-que-tienen-derecho-los-calenos-de-estratos-1-y-2","status":"publish","type":"post","link":"https:\/\/emisora.univalle.edu.co\/index.php\/cual-es-el-minimo-vital-de-agua-al-que-tienen-derecho-los-calenos-de-estratos-1-y-2\/","title":{"rendered":"\u00bfCu\u00e1l es el m\u00ednimo vital de agua al que tienen derecho los cale\u00f1os de estratos 1 y 2?"},"content":{"rendered":"<p><span style=\"line-height: 1.5em;\">Desde el pasado mes de febrero los usuarios del servicio de acueducto de Cali, de los estratos 1 y 2, empezaron a beneficiarse de la implementaci\u00f3n del subsidio por el consumo del m\u00ednimo vital de agua, aprobado por el Concejo Municipal.<\/span><\/p>\n<p>En qu\u00e9 consiste este subsidio del m\u00ednimo vital de agua, a qui\u00e9nes beneficia, c\u00f3mo se aplica, entre otras preguntas de inter\u00e9s para la comunidad, ser\u00e1n resueltas este pr\u00f3ximo jueves 18 de junio, de 2:00 pm a 4:00 pm, por el ingeniero Francisco Bonilla, subdirector del Plan de Ordenamiento Territorial, POT, y de Servicios P\u00fablicos, del Departamento de Planeaci\u00f3n Municipal de Santiago de Cali.<\/p>\n<p>El ingeniero Bonilla es el invitado a un nuevo espacio de \u201cLa Comunidad Pregunta\u201d, que promueve la Escuela de Salud P\u00fablica de la Facultad de Salud de la Universidad del Valle,\u00a0 el segundo jueves de cada mes.<\/p>\n<p>De acuerdo con la Resoluci\u00f3n aprobada por el Concejo Municipal, los habitantes de Cali en condiciones desfavorables de vida, recibir\u00e1n seis metros c\u00fabicos de agua gratis, cada mes.<\/p>\n<p>Seg\u00fan el Departamento de Planeaci\u00f3n Municipal, cerca de 200.000 suscriptores, equivalentes a m\u00e1s de 900.000 personas, tienen derecho a este beneficio.<\/p>\n<p><b>\u00bfQu\u00e9 es La Comunidad Pregunta?<\/b><\/p>\n<p>La Escuela de Salud P\u00fablica de la Universidad del Valle realiza \u201cLa Comunidad Pregunta\u201d el segundo jueves de cada mes, durante dos horas, con la participaci\u00f3n de un funcionario de una entidad p\u00fablica, que brinda informaci\u00f3n sobre la instituci\u00f3n, sus funciones, alcances y servicios. Posteriormente, la comunidad puede realizar preguntas y manifestar inquietudes para ser resueltas por dicho invitado.<\/p>\n<p>La Comunidad Pregunta busca el acercamiento de la comunidad a las instituciones p\u00fablicas, con el fin de que se conozcan sus \u00e1reas de actuaci\u00f3n, funciones y servicios para incentivar la participaci\u00f3n ciudadana en temas de inter\u00e9s p\u00fablico y un mejor uso de dichas instituciones. Adem\u00e1s, busca promover la responsabilidad que tienen las entidades p\u00fablicas de mantener informada la comunidad y brindar herramientas y conocimiento a la sociedad, para que participe activamente, tome decisiones informadas y defienda sus derechos.<\/p>\n<p>Se espera que este espacio ampl\u00ede las posibilidades de encuentro entre la academia, la sociedad civil, los diferentes sectores y el gobierno, para generar discusiones abiertas, propositivas y claras sobre temas de inter\u00e9s para la Salud P\u00fablica y para la comunidad.<\/p>\n<p>Este evento se llevar\u00e1 a cabo el jueves 18 de junio, de 2:30 p.m. a 4:00 pm, en el auditorio Ives Chatain de la Facultad de Salud de la Universidad del Valle, campus San Fernando. La entrada a esta sesi\u00f3n es libre.<\/p>\n<p><b><i>M\u00e1s informaci\u00f3n:<\/i><\/b><\/p>\n<p>Oficina de Extensi\u00f3n y Proyecci\u00f3n Social<br \/>\nEscuela de Salud P\u00fablica &#8211; Universidad del Valle<br \/>\n<a href=\"mailto:extension.saludpublica@correounivalle.edu.co\">extension.saludpublica@correounivalle.edu.co<\/a><br \/>\nTel\u00e9fonos: 5542476 &#8211; 5542480<\/p>\n<p>&nbsp;<\/p>\n","protected":false},"excerpt":{"rendered":"<p>Desde el pasado mes de febrero los usuarios del servicio de acueducto de Cali, de los estratos 1 y 2, empezaron a beneficiarse de la implementaci\u00f3n del subsidio por el consumo del m\u00ednimo vital de agua, aprobado por el Concejo Municipal. En qu\u00e9 consiste este subsidio del m\u00ednimo vital de[&#8230;]<\/p>\n","protected":false},"author":1,"featured_media":4562,"comment_status":"open","ping_status":"open","sticky":false,"template":"","format":"standard","meta":{"footnotes":""},"categories":[4],"tags":[],"_links":{"self":[{"href":"https:\/\/emisora.univalle.edu.co\/index.php\/wp-json\/wp\/v2\/posts\/4566"}],"collection":[{"href":"https:\/\/emisora.univalle.edu.co\/index.php\/wp-json\/wp\/v2\/posts"}],"about":[{"href":"https:\/\/emisora.univalle.edu.co\/index.php\/wp-json\/wp\/v2\/types\/post"}],"author":[{"embeddable":true,"href":"https:\/\/emisora.univalle.edu.co\/index.php\/wp-json\/wp\/v2\/users\/1"}],"replies":[{"embeddable":true,"href":"https:\/\/emisora.univalle.edu.co\/index.php\/wp-json\/wp\/v2\/comments?post=4566"}],"version-history":[{"count":1,"href":"https:\/\/emisora.univalle.edu.co\/index.php\/wp-json\/wp\/v2\/posts\/4566\/revisions"}],"predecessor-version":[{"id":4567,"href":"https:\/\/emisora.univalle.edu.co\/index.php\/wp-json\/wp\/v2\/posts\/4566\/revisions\/4567"}],"wp:featuredmedia":[{"embeddable":true,"href":"https:\/\/emisora.univalle.edu.co\/index.php\/wp-json\/wp\/v2\/media\/4562"}],"wp:attachment":[{"href":"https:\/\/emisora.univalle.edu.co\/index.php\/wp-json\/wp\/v2\/media?parent=4566"}],"wp:term":[{"taxonomy":"category","embeddable":true,"href":"https:\/\/emisora.univalle.edu.co\/index.php\/wp-json\/wp\/v2\/categories?post=4566"},{"taxonomy":"post_tag","embeddable":true,"href":"https:\/\/emisora.univalle.edu.co\/index.php\/wp-json\/wp\/v2\/tags?post=4566"}],"curies":[{"name":"wp","href":"https:\/\/api.w.org\/{rel}","templated":true}]}}