{"id":4588,"date":"2015-06-16T14:31:19","date_gmt":"2015-06-16T19:31:19","guid":{"rendered":"https:\/\/emisora.univalle.edu.co\/\/?p=4588"},"modified":"2015-06-16T14:31:19","modified_gmt":"2015-06-16T19:31:19","slug":"obra-disenada-por-egresados-gana-premio","status":"publish","type":"post","link":"https:\/\/emisora.univalle.edu.co\/index.php\/obra-disenada-por-egresados-gana-premio\/","title":{"rendered":"Obra dise\u00f1ada por egresados gana premio"},"content":{"rendered":"<p><span style=\"line-height: 1.5em;\">La Plaza de la Cale\u00f1idad, dise\u00f1ada por un equipo de arquitectos e ingenieros de la Universidad del Valle, gan\u00f3 el premio nacional CEMEX 2015 en Infraestructura y Urbanismo.<\/span><\/p>\n<p>El equipo inici\u00f3 el proyecto, construido por la empresa vallecaucana Conalv\u00edas, en un espacio de 6140 m2. En \u00e9l trabajaron H\u00e9ctor Fabio Posso, ingeniero estructural y docente de la Escuela de Arquitectura; Ver\u00f3nica Iglesias, arquitecta paisajista, egresada y docente de la universidad; Carlos Herrera, docente de la Facultad de Ingenier\u00eda, especializado en el manejo de la climatizaci\u00f3n natural; el arquitecto Juli\u00e1n Guti\u00e9rrez, quien particip\u00f3 como director de dise\u00f1o de un grupo de 11 arquitectos egresados de esta Instituci\u00f3n; y Harold Mart\u00ednez Espinal, coordinador, l\u00edder del equipo y profesor jubilado de la Escuela de Arquitectura, quien dice que este reconocimiento es un triunfo de Univalle.<\/p>\n<p>Para el arquitecto Mart\u00ednez Espinal, la Plaza de la Cale\u00f1idad m\u00e1s que una plaza moderna es una plaza contempor\u00e1nea, pues todo el dise\u00f1o se concentra en el tema de la naturaleza y no en un personaje como tradicionalmente ha ocurrido.<\/p>\n<p>En el dise\u00f1o de la plaza se tuvieron en cuenta cuatro aspectos: el agua que recorre la ciudad en siete r\u00edos y representada en unas cintas de vidrio de color en el piso, cintas que iluminan adecuadamente el s\u00f3tano de parqueo, en la cascada que cae a un charco (que a la vez es teatrino) y que, adem\u00e1s, es un extractor natural del aire en los dos pisos de s\u00f3tano de parqueo y en las 24 fuentes de agua que generan un refrescante roc\u00edo; las laderas que simb\u00f3licamente se representan en la escalinata; la hist\u00f3rica importancia nacional \u00a0del cine en Cali, la cual se puede apreciar en el Cine Foro y en el Sal\u00f3n de la Fama en honor a las grandes figuras del cine cale\u00f1o; y el gran conflicto contempor\u00e1neo entre ciudad y naturaleza, representado en las formas de la p\u00e9rgola.<\/p>\n<p>Sin embargo, para el arquitecto Mart\u00ednez Espinal, los usos que se han dado a la plaza no corresponden con los objetivos del proyecto, la identidad cultural de Cali \u00a0y los valores propios. \u00a0Ahora la Plaza de la Cale\u00f1idad se conoce como Plazoleta Jairo Varela, el Cine Foro es el museo de ese artista, las fuentes no se encienden y el espacio se ha convertido en una gran discoteca.<\/p>\n<p>El arquitecto tambi\u00e9n resalta el papel educador que la Plaza debe tener, sobre todo en lo referente a la protecci\u00f3n, conservaci\u00f3n y disfrute del agua y en la importancia de la generaci\u00f3n de conciencia alrededor del l\u00edquido vital. Considera que es necesario que el espacio vuelva a tener los usos inicialmente proyectados, especialmente la realizaci\u00f3n de espect\u00e1culos culturales de peque\u00f1o formato, aprovechando la brisa de la tarde que llega de los Farallones y el potencial tur\u00edstico del sector.<\/p>\n<p>El l\u00edder del proyecto \u2018Plaza de la Cale\u00f1idad\u2019 siempre se ha interesado por la relaci\u00f3n cultura-naturaleza. Desde hace 20 a\u00f1os es el director de la c\u00e1tedra CUNA (Cultura- Naturaleza) en la Universidad del Valle.<\/p>\n<p>El arquitecto Mart\u00ednez Espinal dise\u00f1\u00f3, junto a Diego Pe\u00f1alosa, los primeros esquemas de la Ciudadela Universitaria Mel\u00e9ndez de la Universidad del Valle. Luego form\u00f3 parte del equipo de profesionales que dise\u00f1aron la totalidad del campus Mel\u00e9ndez, que recibi\u00f3 el Premio Nacional de Arquitectura en 1972, otorgado por la Sociedad Colombiana de Arquitectos.<\/p>\n<p>Los premios CEMEX son entregados por la compa\u00f1\u00eda de Cementos Mexicanos, que opera en m\u00e1s de 50 pa\u00edses, y pretenden promover el desarrollo de una cultura global y continua de innovaci\u00f3n en la construcci\u00f3n al alentar la creatividad e inventiva de los dise\u00f1adores y constructores.<\/p>\n<p><b>Fuente: Agencia de Noticias Univalle<\/b><\/p>\n","protected":false},"excerpt":{"rendered":"<p>La Plaza de la Cale\u00f1idad, dise\u00f1ada por un equipo de arquitectos e ingenieros de la Universidad del Valle, gan\u00f3 el premio nacional CEMEX 2015 en Infraestructura y Urbanismo. El equipo inici\u00f3 el proyecto, construido por la empresa vallecaucana Conalv\u00edas, en un espacio de 6140 m2. En \u00e9l trabajaron H\u00e9ctor Fabio[&#8230;]<\/p>\n","protected":false},"author":1,"featured_media":4583,"comment_status":"open","ping_status":"open","sticky":false,"template":"","format":"standard","meta":{"footnotes":""},"categories":[4],"tags":[],"_links":{"self":[{"href":"https:\/\/emisora.univalle.edu.co\/index.php\/wp-json\/wp\/v2\/posts\/4588"}],"collection":[{"href":"https:\/\/emisora.univalle.edu.co\/index.php\/wp-json\/wp\/v2\/posts"}],"about":[{"href":"https:\/\/emisora.univalle.edu.co\/index.php\/wp-json\/wp\/v2\/types\/post"}],"author":[{"embeddable":true,"href":"https:\/\/emisora.univalle.edu.co\/index.php\/wp-json\/wp\/v2\/users\/1"}],"replies":[{"embeddable":true,"href":"https:\/\/emisora.univalle.edu.co\/index.php\/wp-json\/wp\/v2\/comments?post=4588"}],"version-history":[{"count":1,"href":"https:\/\/emisora.univalle.edu.co\/index.php\/wp-json\/wp\/v2\/posts\/4588\/revisions"}],"predecessor-version":[{"id":4589,"href":"https:\/\/emisora.univalle.edu.co\/index.php\/wp-json\/wp\/v2\/posts\/4588\/revisions\/4589"}],"wp:featuredmedia":[{"embeddable":true,"href":"https:\/\/emisora.univalle.edu.co\/index.php\/wp-json\/wp\/v2\/media\/4583"}],"wp:attachment":[{"href":"https:\/\/emisora.univalle.edu.co\/index.php\/wp-json\/wp\/v2\/media?parent=4588"}],"wp:term":[{"taxonomy":"category","embeddable":true,"href":"https:\/\/emisora.univalle.edu.co\/index.php\/wp-json\/wp\/v2\/categories?post=4588"},{"taxonomy":"post_tag","embeddable":true,"href":"https:\/\/emisora.univalle.edu.co\/index.php\/wp-json\/wp\/v2\/tags?post=4588"}],"curies":[{"name":"wp","href":"https:\/\/api.w.org\/{rel}","templated":true}]}}