{"id":4604,"date":"2015-06-17T10:18:45","date_gmt":"2015-06-17T15:18:45","guid":{"rendered":"https:\/\/emisora.univalle.edu.co\/\/?p=4604"},"modified":"2015-06-17T10:18:45","modified_gmt":"2015-06-17T15:18:45","slug":"66-000-millones-la-primera-infancia-en-cali-la-mas-alta-inversion-en-20-anos","status":"publish","type":"post","link":"https:\/\/emisora.univalle.edu.co\/index.php\/66-000-millones-la-primera-infancia-en-cali-la-mas-alta-inversion-en-20-anos\/","title":{"rendered":"$66.000 millones a la primera infancia en Cali, la m\u00e1s alta inversi\u00f3n en 20 a\u00f1os"},"content":{"rendered":"<p><span style=\"line-height: 1.5em;\">La inversi\u00f3n en el Programa de Atenci\u00f3n Integral a la Primera Infancia para este cuatrienio asciende a cerca de $66.000 millones, cifra sin precedentes en la historia de la ciudad, lo que deja un gran legado para Cali, con aproximadamente 7200 ni\u00f1os atendidos en los CDI, Centros de Desarrollo Infantil, de toda la ciudad.<\/span><\/p>\n<p>As\u00ed se refiri\u00f3 el secretario de Educaci\u00f3n, \u00c9dgar Jos\u00e9 Polanco, en su intervenci\u00f3n durante la ceremonia de exaltaci\u00f3n a los docentes y directivos docentes que atienden a esta poblaci\u00f3n infantil.<\/p>\n<p>De ese monto, aproximadamente $25.000 millones ha sido la inversi\u00f3n realizada por la Administraci\u00f3n Municipal para fortalecer la infraestructura de los CDI, por lo que al t\u00e9rmino del actual Gobierno local, Cali tendr\u00e1 17 Centros de Desarrollo Infantil, de los cuales 10 est\u00e1n en etapa de construcci\u00f3n, con dise\u00f1os arquitect\u00f3nicos que cumplen con todos los est\u00e1ndares del servicio para la atenci\u00f3n integral, los cuales se encuentran ubicados en los sectores m\u00e1s necesitados de la ciudad.<\/p>\n<p>Respecto a las exaltaciones al personal docente, el secretario Polanco indic\u00f3 que \u201ces realmente grato contar con su profesionalismo, entrega y dedicaci\u00f3n en la formaci\u00f3n de mejores seres humanos, pues los primeros cinco a\u00f1os de vida son quiz\u00e1 la etapa de formaci\u00f3n m\u00e1s importante para toda persona y los maestros tienen mucho que ver con ello, as\u00ed que por parte de la Secretar\u00eda de Educaci\u00f3n es un justo reconocimiento a toda esa labor y entrega decidida a la primera infancia, as\u00ed es como construimos tejido social y\u00a0 paz para los ciudadanos\u201d.<\/p>\n<p>Es as\u00ed como la Alcald\u00eda de Cali, a trav\u00e9s de programas de este tipo, impacta y transforma a las comunidades con el servicio desde la educaci\u00f3n temprana, que ofrece estimulaci\u00f3n, apoyo sicosocial, control de crecimiento y desarrollo y alimentaci\u00f3n balanceada, todo desde en la modalidad familiar con la participaci\u00f3n activa de los padres y la modalidad institucional que se ofrece desde los CDI.<\/p>\n<p>Por su parte, desde la oficina de Coordinaci\u00f3n Social de la Alcald\u00eda, Mar\u00eda Eugenia Carvajal de Guerrero, asegur\u00f3: \u201cSo\u00f1amos con que en el menor tiempo posible la ciudad tenga el 100 % de cobertura a la poblaci\u00f3n de primera infancia\u201d.<\/p>\n<p>\u201cHace casi cuatro a\u00f1os, la cobertura de atenci\u00f3n con integralidad era muy poca, hoy hemos avanzado con gran esfuerzo, para que todos los ni\u00f1os y ni\u00f1as puedan disfrutar de maestras como las que tenemos, ellas hacen su labor con pasi\u00f3n, adem\u00e1s, sabemos que trabajan en condiciones dif\u00edciles porque a veces el presupuesto no alcanza o est\u00e1n atendiendo poblaci\u00f3n infantil en barrios muy complicados, aun as\u00ed su entrega y dedicaci\u00f3n a los ni\u00f1os y ni\u00f1as de primera infancia es invaluable\u201d.<\/p>\n<p>Finalmente, \u00c9dgar Polanco asegur\u00f3: \u201cLa gran obra del alcalde Rodrigo Guerrero es la atenci\u00f3n integral a la primera infancia, con un impacto social muy fuerte, pues es la inversi\u00f3n social con mejor retorno en los a\u00f1os venideros porque nos permite contar con mejores estudiantes seres humanos y mejores ciudadanos, invito a que los pr\u00f3ximos gobiernos municipales contin\u00faen d\u00e1ndole prioridad a los m\u00e1s peque\u00f1os, dado que as\u00ed podremos\u00a0 continuar construyendo la Cali que todos queremos\u201d.<\/p>\n<p>Equipo de Comunicaciones &#8211; Secretar\u00eda de Educaci\u00f3n<br \/>\nYoutube:\u00a0 SEMCALI01 \/ Twitter: @SEMCALI \/ Facebook: Alcald\u00eda de Cali &#8211; Secretaria de Educaci\u00f3n<br \/>\nEmail:comunicacionessemcali@gmail.com<br \/>\n<a href=\"http:\/\/www.cali.gov.co\/\">www.cali.gov.co<\/a>\u00a0\/\u00a0<a href=\"http:\/\/www.semcali.gov.co\/\">www.semcali.gov.co<\/a>\u00a0\/ PBX: 6603228 ext. 8702<\/p>\n","protected":false},"excerpt":{"rendered":"<p>La inversi\u00f3n en el Programa de Atenci\u00f3n Integral a la Primera Infancia para este cuatrienio asciende a cerca de $66.000 millones, cifra sin precedentes en la historia de la ciudad, lo que deja un gran legado para Cali, con aproximadamente 7200 ni\u00f1os atendidos en los CDI, Centros de Desarrollo Infantil,[&#8230;]<\/p>\n","protected":false},"author":1,"featured_media":4597,"comment_status":"open","ping_status":"open","sticky":false,"template":"","format":"standard","meta":{"footnotes":""},"categories":[4],"tags":[],"_links":{"self":[{"href":"https:\/\/emisora.univalle.edu.co\/index.php\/wp-json\/wp\/v2\/posts\/4604"}],"collection":[{"href":"https:\/\/emisora.univalle.edu.co\/index.php\/wp-json\/wp\/v2\/posts"}],"about":[{"href":"https:\/\/emisora.univalle.edu.co\/index.php\/wp-json\/wp\/v2\/types\/post"}],"author":[{"embeddable":true,"href":"https:\/\/emisora.univalle.edu.co\/index.php\/wp-json\/wp\/v2\/users\/1"}],"replies":[{"embeddable":true,"href":"https:\/\/emisora.univalle.edu.co\/index.php\/wp-json\/wp\/v2\/comments?post=4604"}],"version-history":[{"count":1,"href":"https:\/\/emisora.univalle.edu.co\/index.php\/wp-json\/wp\/v2\/posts\/4604\/revisions"}],"predecessor-version":[{"id":4605,"href":"https:\/\/emisora.univalle.edu.co\/index.php\/wp-json\/wp\/v2\/posts\/4604\/revisions\/4605"}],"wp:featuredmedia":[{"embeddable":true,"href":"https:\/\/emisora.univalle.edu.co\/index.php\/wp-json\/wp\/v2\/media\/4597"}],"wp:attachment":[{"href":"https:\/\/emisora.univalle.edu.co\/index.php\/wp-json\/wp\/v2\/media?parent=4604"}],"wp:term":[{"taxonomy":"category","embeddable":true,"href":"https:\/\/emisora.univalle.edu.co\/index.php\/wp-json\/wp\/v2\/categories?post=4604"},{"taxonomy":"post_tag","embeddable":true,"href":"https:\/\/emisora.univalle.edu.co\/index.php\/wp-json\/wp\/v2\/tags?post=4604"}],"curies":[{"name":"wp","href":"https:\/\/api.w.org\/{rel}","templated":true}]}}