{"id":4610,"date":"2015-06-17T10:38:14","date_gmt":"2015-06-17T15:38:14","guid":{"rendered":"https:\/\/emisora.univalle.edu.co\/\/?p=4610"},"modified":"2015-06-17T10:42:26","modified_gmt":"2015-06-17T15:42:26","slug":"marca","status":"publish","type":"post","link":"https:\/\/emisora.univalle.edu.co\/index.php\/marca\/","title":{"rendered":"Festival Petronio \u00c1lvarez ya tiene marca registrada"},"content":{"rendered":"<p><span style=\"line-height: 1.5em;\">El m\u00e1s grande festival de m\u00fasica tradicional de Latinoam\u00e9rica, el Festival de M\u00fasica del Pac\u00edfico \u2018Petronio \u00c1lvarez\u2019 ya es una marca registrada.<\/span><\/p>\n<p>La\u00a0\u00a0 Superintendencia de Industria y Comercio concedi\u00f3 a\u00a0 la Alcald\u00eda de Santiago de Cali, a trav\u00e9s de la Secretar\u00eda de Cultura y Turismo, el uso exclusivo del nombre Festival de M\u00fasica del Pac\u00edfico \u2018Petronio \u00c1lvarez\u2019, con su logo s\u00edmbolo, mediante la Resoluci\u00f3n No. 29152 del 29 de mayo del presente a\u00f1o.<\/p>\n<p>El registro de\u00a0 marca otorga a la Secretar\u00eda de Cultura y Turismo el derecho exclusivo a la utilizaci\u00f3n del nombre y marca y proh\u00edbe su uso a terceros sin consentimiento previo.<\/p>\n<p>Mar\u00eda Helena Qui\u00f1\u00f3nez Salcedo, titular de la dependencia, se\u00f1al\u00f3 que gracias a una gesti\u00f3n realizada durante m\u00e1s de un a\u00f1o por la oficina jur\u00eddica de la Secretar\u00eda de Cultura y Turismo de Cali, se logr\u00f3 que la marca fuera registrada y que tenga una vigencia de 10 a\u00f1os.<\/p>\n<p>Anteriormente, en la presente administraci\u00f3n, se logr\u00f3 el registro de las marcas del Festival Internacional de Cine de Cali \u2013Ficcali- y del Festival Mundial de Salsa de Cali.<\/p>\n<p>Nota: Se Adjunta la resoluci\u00f3n No. 29152 del 29 de mayo de 2015 por la cual se concede la marca del Festival de M\u00fasica del Pac\u00edfico Petronio \u00c1lvarez.<\/p>\n<p>Mayores informes:<br \/>\nSecretar\u00eda de Cultura y Turismo de Cali<br \/>\nTel\u00e9fono: 8858855 ext. 102<\/p>\n<p>Fuente: comunicaciones Alcald\u00eda<\/p>\n","protected":false},"excerpt":{"rendered":"<p>El m\u00e1s grande festival de m\u00fasica tradicional de Latinoam\u00e9rica, el Festival de M\u00fasica del Pac\u00edfico \u2018Petronio \u00c1lvarez\u2019 ya es una marca registrada. La\u00a0\u00a0 Superintendencia de Industria y Comercio concedi\u00f3 a\u00a0 la Alcald\u00eda de Santiago de Cali, a trav\u00e9s de la Secretar\u00eda de Cultura y Turismo, el uso exclusivo del nombre[&#8230;]<\/p>\n","protected":false},"author":1,"featured_media":4599,"comment_status":"open","ping_status":"open","sticky":false,"template":"","format":"standard","meta":{"footnotes":""},"categories":[4],"tags":[],"_links":{"self":[{"href":"https:\/\/emisora.univalle.edu.co\/index.php\/wp-json\/wp\/v2\/posts\/4610"}],"collection":[{"href":"https:\/\/emisora.univalle.edu.co\/index.php\/wp-json\/wp\/v2\/posts"}],"about":[{"href":"https:\/\/emisora.univalle.edu.co\/index.php\/wp-json\/wp\/v2\/types\/post"}],"author":[{"embeddable":true,"href":"https:\/\/emisora.univalle.edu.co\/index.php\/wp-json\/wp\/v2\/users\/1"}],"replies":[{"embeddable":true,"href":"https:\/\/emisora.univalle.edu.co\/index.php\/wp-json\/wp\/v2\/comments?post=4610"}],"version-history":[{"count":2,"href":"https:\/\/emisora.univalle.edu.co\/index.php\/wp-json\/wp\/v2\/posts\/4610\/revisions"}],"predecessor-version":[{"id":4613,"href":"https:\/\/emisora.univalle.edu.co\/index.php\/wp-json\/wp\/v2\/posts\/4610\/revisions\/4613"}],"wp:featuredmedia":[{"embeddable":true,"href":"https:\/\/emisora.univalle.edu.co\/index.php\/wp-json\/wp\/v2\/media\/4599"}],"wp:attachment":[{"href":"https:\/\/emisora.univalle.edu.co\/index.php\/wp-json\/wp\/v2\/media?parent=4610"}],"wp:term":[{"taxonomy":"category","embeddable":true,"href":"https:\/\/emisora.univalle.edu.co\/index.php\/wp-json\/wp\/v2\/categories?post=4610"},{"taxonomy":"post_tag","embeddable":true,"href":"https:\/\/emisora.univalle.edu.co\/index.php\/wp-json\/wp\/v2\/tags?post=4610"}],"curies":[{"name":"wp","href":"https:\/\/api.w.org\/{rel}","templated":true}]}}