{"id":4623,"date":"2015-06-17T15:48:21","date_gmt":"2015-06-17T20:48:21","guid":{"rendered":"https:\/\/emisora.univalle.edu.co\/\/?p=4623"},"modified":"2015-06-17T15:48:21","modified_gmt":"2015-06-17T20:48:21","slug":"la-experiencia-habla-con-todo-sentido-en-diseno-en-sociedad-10","status":"publish","type":"post","link":"https:\/\/emisora.univalle.edu.co\/index.php\/la-experiencia-habla-con-todo-sentido-en-diseno-en-sociedad-10\/","title":{"rendered":"La experiencia habla con todo sentido en Dise\u00f1o en Sociedad 10"},"content":{"rendered":"<p><span style=\"line-height: 1.5em;\">El grupo de investigaci\u00f3n Nobus del Departamento de Dise\u00f1o de la Universidad del Valle invita a participar del Congreso Dise\u00f1o en Sociedad 10, el cual se llevar\u00e1 a cabo del 26 al 30 de octubre de 2015 en las instalaciones de la universidad.<\/span><\/p>\n<p>Usted podr\u00e1 participar en la categor\u00eda de ponente en las mesas de discusi\u00f3n: Dise\u00f1o y Sociedad, Dise\u00f1o y Creaci\u00f3n o Dise\u00f1o y Sentido. Para ello, env\u00ede su resumen con un m\u00e1ximo de 500 palabras al correo electr\u00f3nico:acad\u00e9<a href=\"mailto:mico@disenoensociedad.com\">mico@disenoensociedad.com<\/a>. Fecha de cierre de convocatoria: 20 de junio de 2015. Para mayor informaci\u00f3n sobre su participaci\u00f3n en este evento, ingrese a<a href=\"http:\/\/www.disenoensociedad.com\/\">www.disenoensociedad.com<\/a>.<\/p>\n<p>De igual manera, contaremos con la presencia de dos invitados internacionales de gran trascendencia por sus respectivas trayectorias profesional y acad\u00e9mica en el tema central del evento \u201cEl Dise\u00f1o de la Experiencia\u201d:<\/p>\n<p><strong>Nathan Shedroff (Estados Unidos)<\/strong><\/p>\n<p>Sitio web:\u00a0<a href=\"http:\/\/www.nathan.com\/\">www.nathan.com<\/a><\/p>\n<p>Coordinador del programa de Maestr\u00eda de Estrategia en Dise\u00f1o &#8211; California College of the Arts.<\/p>\n<p>Conferencia \u201cDesigning Meaningful and Valuable Experiences\u201d: presentar\u00e1 c\u00f3mo el dise\u00f1o ha cambiado radicalmente en relaci\u00f3n con las necesidades empresariales y las expectativas del cliente. De igual manera, compartir\u00e1 una visi\u00f3n del \u00e1rea en acci\u00f3n que integra modelos de sentido y experiencia para mostrar c\u00f3mo la investigaci\u00f3n conecta las necesidades del cliente con el sentido de nuestros m\u00e1s profundos valores. La relaci\u00f3n entre los requerimientos del negocio y las expectativas del dise\u00f1o est\u00e1n separados por una brecha que pocos han aprendido a cruzar.<\/p>\n<p>Workshop (taller) \u201cBeyond Business Basics, Strategic Tools for Designers\u201d: abordar\u00e1 recursos innovadores para el desarrollo de estrategias de negocio, as\u00ed como herramientas novedosas para el dise\u00f1o de experiencias.<\/p>\n<p><strong>Juan Carlos Ortiz Nicol\u00e1s (M\u00e9xico)<\/strong><\/p>\n<p>Sitio web:\u00a0<a href=\"http:\/\/www.mooldesign.blogspot.com\/\">www.mooldesign.blogspot.com<\/a><\/p>\n<p>Profesor titular de Dise\u00f1o Industrial -Universidad de Ciudad Ju\u00e1rez y tutor de Maestr\u00eda en Dise\u00f1o Industrial &#8211; Universidad Nacional Aut\u00f3noma de M\u00e9xico.<\/p>\n<p>Conferencia \u201cLa experiencia como eje central del proceso de dise\u00f1o\u201d: en a\u00f1os recientes, el dise\u00f1o ha buscado expandir su campo de acci\u00f3n, un \u00e1rea que ha generado mucho inter\u00e9s es entender como las personas experimentan los objetos que especialistas en dise\u00f1o \u00a0crean. En esta conferencia se revisar\u00e1 cu\u00e1les son los aspectos integrales de la experiencia humana y su relaci\u00f3n con el dise\u00f1o. Tambi\u00e9n se presentar\u00e1n ejemplos que toman la experiencia humana como punto de partida en el proceso de dise\u00f1o.<\/p>\n<p>Workshop \u201cTaller de dise\u00f1o y emociones\u201d: Las emociones son centrales en la experiencia ya que a trav\u00e9s de ellas podemos determinar si \u00e9sta es placentera, por ejemplo, al experimentar inspiraci\u00f3n, confianza, alegr\u00eda en la interacci\u00f3n humana-objeto. En este taller se dise\u00f1ar\u00e1 un objeto que tenga el fin de evocar una emoci\u00f3n positiva predefinida. Para lograrlo, los participantes tendr\u00e1n acceso a conocimientos detallados de algunas emociones positivas relevantes para la pr\u00e1ctica en el dise\u00f1o.<\/p>\n<p><b>Fuente: Agencia de Noticias Univalle<\/b><\/p>\n","protected":false},"excerpt":{"rendered":"<p>El grupo de investigaci\u00f3n Nobus del Departamento de Dise\u00f1o de la Universidad del Valle invita a participar del Congreso Dise\u00f1o en Sociedad 10, el cual se llevar\u00e1 a cabo del 26 al 30 de octubre de 2015 en las instalaciones de la universidad. Usted podr\u00e1 participar en la categor\u00eda de[&#8230;]<\/p>\n","protected":false},"author":1,"featured_media":4619,"comment_status":"open","ping_status":"open","sticky":false,"template":"","format":"standard","meta":{"footnotes":""},"categories":[4],"tags":[],"_links":{"self":[{"href":"https:\/\/emisora.univalle.edu.co\/index.php\/wp-json\/wp\/v2\/posts\/4623"}],"collection":[{"href":"https:\/\/emisora.univalle.edu.co\/index.php\/wp-json\/wp\/v2\/posts"}],"about":[{"href":"https:\/\/emisora.univalle.edu.co\/index.php\/wp-json\/wp\/v2\/types\/post"}],"author":[{"embeddable":true,"href":"https:\/\/emisora.univalle.edu.co\/index.php\/wp-json\/wp\/v2\/users\/1"}],"replies":[{"embeddable":true,"href":"https:\/\/emisora.univalle.edu.co\/index.php\/wp-json\/wp\/v2\/comments?post=4623"}],"version-history":[{"count":1,"href":"https:\/\/emisora.univalle.edu.co\/index.php\/wp-json\/wp\/v2\/posts\/4623\/revisions"}],"predecessor-version":[{"id":4624,"href":"https:\/\/emisora.univalle.edu.co\/index.php\/wp-json\/wp\/v2\/posts\/4623\/revisions\/4624"}],"wp:featuredmedia":[{"embeddable":true,"href":"https:\/\/emisora.univalle.edu.co\/index.php\/wp-json\/wp\/v2\/media\/4619"}],"wp:attachment":[{"href":"https:\/\/emisora.univalle.edu.co\/index.php\/wp-json\/wp\/v2\/media?parent=4623"}],"wp:term":[{"taxonomy":"category","embeddable":true,"href":"https:\/\/emisora.univalle.edu.co\/index.php\/wp-json\/wp\/v2\/categories?post=4623"},{"taxonomy":"post_tag","embeddable":true,"href":"https:\/\/emisora.univalle.edu.co\/index.php\/wp-json\/wp\/v2\/tags?post=4623"}],"curies":[{"name":"wp","href":"https:\/\/api.w.org\/{rel}","templated":true}]}}