{"id":4639,"date":"2015-06-18T10:34:47","date_gmt":"2015-06-18T15:34:47","guid":{"rendered":"https:\/\/emisora.univalle.edu.co\/\/?p=4639"},"modified":"2015-06-18T10:34:47","modified_gmt":"2015-06-18T15:34:47","slug":"transferencia-de-conocimiento-en-salud-publica","status":"publish","type":"post","link":"https:\/\/emisora.univalle.edu.co\/index.php\/transferencia-de-conocimiento-en-salud-publica\/","title":{"rendered":"Transferencia de conocimiento en salud p\u00fablica"},"content":{"rendered":"<p><span style=\"line-height: 1.5em;\">Despu\u00e9s de su conferencia en la inauguraci\u00f3n del Doctorado en Salud, el profesor de la Escuela de Salud P\u00fablica de la Universidad de Montreal, Canad\u00e1, Valery Ridde, dirigir\u00e1 la Sesi\u00f3n Permanente de Investigaci\u00f3n en Salud P\u00fablica de la Universidad del Valle, que se llevar\u00e1 a cabo este viernes 19 de junio, a las 8:00 am. en el Edificio de Salud P\u00fablica, Campus San Fernando.<\/span><\/p>\n<p>El profesor Ridde presentar\u00e1 los conceptos principales y las experiencias en un \u00e1rea de especial relevancia en salud p\u00fablica: la Transferencia del Conocimiento.<\/p>\n<p>De acuerdo con el Doctor Ridde, cada vez m\u00e1s se les solicita a los investigadores llevar a cabo actividades de transferencia de conocimiento y hay mayor presi\u00f3n a los investigadores para producir conocimiento que sea \u00fatil y relevante para la sociedad, y para que \u00e9ste influencie la toma de decisiones y las pol\u00edticas en salud p\u00fablica.<\/p>\n<p>Sin embargo \u00bfa qu\u00e9 nos referimos cuando hablamos de \u201ctransferencia de conocimiento\u201d? \u00bfCu\u00e1les son los procesos, actividades y tipos posibles de utilizaci\u00f3n del conocimiento? \u00bfCu\u00e1l es el estado del arte de la eficacia de las estrategias recomendadas?<\/p>\n<p>En esta Sesi\u00f3n, el profesor Ridde presentar\u00e1 los conceptos principales en esta \u00e1rea, as\u00ed como el estado del arte concerniente a las estrategias y los retos asociados. Ilustrar\u00e1 estos conceptos con ejemplos concretos, a partir de las experiencias que ha obtenido durante los \u00faltimos a\u00f1os en \u00c1frica.<\/p>\n<p>Valery Ridde es doctor (Ph.D.)\u00a0 en salud comunitaria de la Universidad Laval, de Canad\u00e1, investigador del Instituto de Investigaci\u00f3n de la Escuela de Salud P\u00fablica de la Universidad de Montreal (IRSPUM) y Director de Investigaci\u00f3n en Salud P\u00fablica Aplicada del Instituto Canadiense de Investigaci\u00f3n en Salud (IRSC\/CIHR). Cuenta con amplia experiencia en procesos de transferencia de conocimientos, especialmente en campos de educaci\u00f3n en salud y promoci\u00f3n de la salud.<\/p>\n<p>La sesi\u00f3n ser\u00e1 transmitida en director por\u00a0<a href=\"https:\/\/ruav.webex.com\/ruav\/j.php?MTID=m84e2f94b98a7dc4682ccc7330f1373cf%20\" target=\"_blank\">Webex<\/a>.<\/p>\n<p><strong>Informes:<\/strong><br \/>\n5542476 &#8211; 5542480 \u2013 5542458<br \/>\n<a href=\"mailto:comunicaciones.esp@correounivalle.edu.co\">comunicaciones.esp@correounivalle.edu.co<\/a><\/p>\n<p><b>Fuente: Agencia de Noticias Univalle<\/b><\/p>\n","protected":false},"excerpt":{"rendered":"<p>Despu\u00e9s de su conferencia en la inauguraci\u00f3n del Doctorado en Salud, el profesor de la Escuela de Salud P\u00fablica de la Universidad de Montreal, Canad\u00e1, Valery Ridde, dirigir\u00e1 la Sesi\u00f3n Permanente de Investigaci\u00f3n en Salud P\u00fablica de la Universidad del Valle, que se llevar\u00e1 a cabo este viernes 19 de[&#8230;]<\/p>\n","protected":false},"author":1,"featured_media":4641,"comment_status":"open","ping_status":"open","sticky":false,"template":"","format":"standard","meta":{"footnotes":""},"categories":[4],"tags":[],"_links":{"self":[{"href":"https:\/\/emisora.univalle.edu.co\/index.php\/wp-json\/wp\/v2\/posts\/4639"}],"collection":[{"href":"https:\/\/emisora.univalle.edu.co\/index.php\/wp-json\/wp\/v2\/posts"}],"about":[{"href":"https:\/\/emisora.univalle.edu.co\/index.php\/wp-json\/wp\/v2\/types\/post"}],"author":[{"embeddable":true,"href":"https:\/\/emisora.univalle.edu.co\/index.php\/wp-json\/wp\/v2\/users\/1"}],"replies":[{"embeddable":true,"href":"https:\/\/emisora.univalle.edu.co\/index.php\/wp-json\/wp\/v2\/comments?post=4639"}],"version-history":[{"count":1,"href":"https:\/\/emisora.univalle.edu.co\/index.php\/wp-json\/wp\/v2\/posts\/4639\/revisions"}],"predecessor-version":[{"id":4642,"href":"https:\/\/emisora.univalle.edu.co\/index.php\/wp-json\/wp\/v2\/posts\/4639\/revisions\/4642"}],"wp:featuredmedia":[{"embeddable":true,"href":"https:\/\/emisora.univalle.edu.co\/index.php\/wp-json\/wp\/v2\/media\/4641"}],"wp:attachment":[{"href":"https:\/\/emisora.univalle.edu.co\/index.php\/wp-json\/wp\/v2\/media?parent=4639"}],"wp:term":[{"taxonomy":"category","embeddable":true,"href":"https:\/\/emisora.univalle.edu.co\/index.php\/wp-json\/wp\/v2\/categories?post=4639"},{"taxonomy":"post_tag","embeddable":true,"href":"https:\/\/emisora.univalle.edu.co\/index.php\/wp-json\/wp\/v2\/tags?post=4639"}],"curies":[{"name":"wp","href":"https:\/\/api.w.org\/{rel}","templated":true}]}}