{"id":4643,"date":"2015-06-18T14:52:20","date_gmt":"2015-06-18T19:52:20","guid":{"rendered":"https:\/\/emisora.univalle.edu.co\/\/?p=4643"},"modified":"2015-06-18T15:03:55","modified_gmt":"2015-06-18T20:03:55","slug":"dia-del-padre","status":"publish","type":"post","link":"https:\/\/emisora.univalle.edu.co\/index.php\/dia-del-padre\/","title":{"rendered":"Autoridades cale\u00f1as, atentas por D\u00eda del Padre, pago de prima y partido de Colombia"},"content":{"rendered":"<p><span style=\"line-height: 1.5em;\">Con el apoyo del Ej\u00e9rcito Nacional, la Fuerza A\u00e9rea y la Polic\u00eda Metropolitana, el Gobierno de Santiago de Cali propende garantizar la seguridad ciudadana durante este fin de semana, cuando se celebra especialmente el D\u00eda del Padre.<\/span><\/p>\n<p>El alcalde Rodrigo Guerrero Velasco se\u00f1al\u00f3 que los soldados adscritos al batall\u00f3n de Polic\u00eda Militar estar\u00e1n patrullando en las comunas de la ladera, mientras que comandos de la base a\u00e9rea estar\u00e1n desplegando rondas en las comunas 5, 7, 8 y 12, tanto en el d\u00eda como en la noche.<\/p>\n<p>Asimismo, coment\u00f3 que desde el viernes y hasta el domingo, efectivos policiales dispuestos por toda la ciudad instalar\u00e1n puntos de control para automotores y verificaci\u00f3n de identidad ciudadana, con el prop\u00f3sito aumentar las oportunidades contra el crimen y el delito.<\/p>\n<p>Agreg\u00f3 que en varios de esos puestos de control habr\u00e1 la presencia de guardas de Tr\u00e1nsito, a fin de verificar que los documentos de los veh\u00edculos y conductores est\u00e9n en regla y no se conduzca bajo los efectos de bebidas embriagantes.<\/p>\n<p>El m\u00e9dico Guerrero Velasco dijo que \u201ceste fin de semana es de especial cuidado toda vez que a la fiesta del D\u00eda del Padre se suma el pago de prima de algunas empresas y la realizaci\u00f3n el domingo del partido entre Colombia y Per\u00fa, considerado crucial para las aspiraciones del combinado patrio de clasificar a octavos de final de la Copa Am\u00e9rica que se realiza en tierras chilenas\u201d.<\/p>\n<p>Frente a esta \u00faltima situaci\u00f3n, el jefe del Gobierno local inst\u00f3 a celebrar en paz, tal y como ocurri\u00f3 en la noche del 17 de junio, cuando la tricolor colombiana venci\u00f3 a Brasil, cuando no hubo hechos que lamentar y por el contrario la alegr\u00eda fue medida, pensando adem\u00e1s que al otro d\u00eda hay que madrugar feliz a laborar.<\/p>\n<p>El mandatario precis\u00f3: \u201cDurante esta fiesta futbolera, se dispondr\u00e1 de un fuerte grupo policial que contempla personal uniformado y encubierto, carabineros y rondas constantes de vigilancia urbana desde helic\u00f3ptero\u201d.<\/p>\n<p>De igual manera, conceptu\u00f3 que \u201cun aspecto que favorece la seguridad ciudadana es que el partido contra el cuadro inca se realizar\u00e1 a partir de las 2:00 de la tarde, un horario que permite el disfrute familiar y que lleva a que la gente regrese temprano a casa a descansar para iniciar la cuarta semana de junio\u201d.<\/p>\n<p>Finalmente, indic\u00f3 que aunque el D\u00eda del Padre no es tan violento como el de la madre, las autoridades asistenciales estar\u00e1n atentas en todos los niveles para brindar una eficaz respuesta a las eventualidades que se llegasen a presentar.<\/p>\n<p>Se recuerda que el Gobierno de Cali instal\u00f3 dos estadios itinerantes con pantalla gigante en el Centro Administrativo Municipal \u2013 CAM \u2013 y en la plazoleta de Compartir en la comuna 21.<\/p>\n<p>Fuente:<\/p>\n","protected":false},"excerpt":{"rendered":"<p>Con el apoyo del Ej\u00e9rcito Nacional, la Fuerza A\u00e9rea y la Polic\u00eda Metropolitana, el Gobierno de Santiago de Cali propende garantizar la seguridad ciudadana durante este fin de semana, cuando se celebra especialmente el D\u00eda del Padre. El alcalde Rodrigo Guerrero Velasco se\u00f1al\u00f3 que los soldados adscritos al batall\u00f3n de[&#8230;]<\/p>\n","protected":false},"author":1,"featured_media":4645,"comment_status":"open","ping_status":"open","sticky":false,"template":"","format":"standard","meta":{"footnotes":""},"categories":[4],"tags":[],"_links":{"self":[{"href":"https:\/\/emisora.univalle.edu.co\/index.php\/wp-json\/wp\/v2\/posts\/4643"}],"collection":[{"href":"https:\/\/emisora.univalle.edu.co\/index.php\/wp-json\/wp\/v2\/posts"}],"about":[{"href":"https:\/\/emisora.univalle.edu.co\/index.php\/wp-json\/wp\/v2\/types\/post"}],"author":[{"embeddable":true,"href":"https:\/\/emisora.univalle.edu.co\/index.php\/wp-json\/wp\/v2\/users\/1"}],"replies":[{"embeddable":true,"href":"https:\/\/emisora.univalle.edu.co\/index.php\/wp-json\/wp\/v2\/comments?post=4643"}],"version-history":[{"count":2,"href":"https:\/\/emisora.univalle.edu.co\/index.php\/wp-json\/wp\/v2\/posts\/4643\/revisions"}],"predecessor-version":[{"id":4649,"href":"https:\/\/emisora.univalle.edu.co\/index.php\/wp-json\/wp\/v2\/posts\/4643\/revisions\/4649"}],"wp:featuredmedia":[{"embeddable":true,"href":"https:\/\/emisora.univalle.edu.co\/index.php\/wp-json\/wp\/v2\/media\/4645"}],"wp:attachment":[{"href":"https:\/\/emisora.univalle.edu.co\/index.php\/wp-json\/wp\/v2\/media?parent=4643"}],"wp:term":[{"taxonomy":"category","embeddable":true,"href":"https:\/\/emisora.univalle.edu.co\/index.php\/wp-json\/wp\/v2\/categories?post=4643"},{"taxonomy":"post_tag","embeddable":true,"href":"https:\/\/emisora.univalle.edu.co\/index.php\/wp-json\/wp\/v2\/tags?post=4643"}],"curies":[{"name":"wp","href":"https:\/\/api.w.org\/{rel}","templated":true}]}}