{"id":4650,"date":"2015-06-18T14:54:34","date_gmt":"2015-06-18T19:54:34","guid":{"rendered":"https:\/\/emisora.univalle.edu.co\/\/?p=4650"},"modified":"2015-06-18T14:54:34","modified_gmt":"2015-06-18T19:54:34","slug":"se-realizara-foro-de-seguridad-alimentaria-este-viernes","status":"publish","type":"post","link":"https:\/\/emisora.univalle.edu.co\/index.php\/se-realizara-foro-de-seguridad-alimentaria-este-viernes\/","title":{"rendered":"Se realizar\u00e1 foro de seguridad alimentaria, este viernes"},"content":{"rendered":"<p><span style=\"line-height: 1.5em;\">La Secretar\u00eda de Desarrollo Territorial y Bienestar Social realizar\u00e1 el Foro de Seguridad Alimentar\u00eda, a partir de las 8:00 a.m. y hasta las 12:00 m, este viernes 19 de junio en el Sal\u00f3n Cine Foro, ubicado en la Plazoleta de la Cale\u00f1idad, frente al Centro Administrativo Municipal (CAM).<\/span><\/p>\n<p>Luis Alfredo G\u00f3mez Guerrero, secretario de Bienestar Social, indic\u00f3 que el municipio es importador por excelencia de productos alimenticios, lo que hace indispensable definir o redefinir las estrategias y pol\u00edticas que la orienten para garantizar el bienestar y correcta operatividad de las instancias que act\u00faan en los procesos de Seguridad Alimentaria y Nutricional.<\/p>\n<p>Las jornadas se desarrollar\u00e1n de acuerdo con el Decreto No. 411.0.20.0072 de 2009, que institucionaliza la Mesa Municipal de Seguridad Alimentaria y Nutricional de Santiago de Cali, conformada por instancias p\u00fablicas y privadas, encargadas de facilitar el acceso, consumo y aprovechamiento de los alimentos.<\/p>\n","protected":false},"excerpt":{"rendered":"<p>La Secretar\u00eda de Desarrollo Territorial y Bienestar Social realizar\u00e1 el Foro de Seguridad Alimentar\u00eda, a partir de las 8:00 a.m. y hasta las 12:00 m, este viernes 19 de junio en el Sal\u00f3n Cine Foro, ubicado en la Plazoleta de la Cale\u00f1idad, frente al Centro Administrativo Municipal (CAM). Luis Alfredo[&#8230;]<\/p>\n","protected":false},"author":1,"featured_media":4644,"comment_status":"open","ping_status":"open","sticky":false,"template":"","format":"standard","meta":{"footnotes":""},"categories":[4],"tags":[],"_links":{"self":[{"href":"https:\/\/emisora.univalle.edu.co\/index.php\/wp-json\/wp\/v2\/posts\/4650"}],"collection":[{"href":"https:\/\/emisora.univalle.edu.co\/index.php\/wp-json\/wp\/v2\/posts"}],"about":[{"href":"https:\/\/emisora.univalle.edu.co\/index.php\/wp-json\/wp\/v2\/types\/post"}],"author":[{"embeddable":true,"href":"https:\/\/emisora.univalle.edu.co\/index.php\/wp-json\/wp\/v2\/users\/1"}],"replies":[{"embeddable":true,"href":"https:\/\/emisora.univalle.edu.co\/index.php\/wp-json\/wp\/v2\/comments?post=4650"}],"version-history":[{"count":1,"href":"https:\/\/emisora.univalle.edu.co\/index.php\/wp-json\/wp\/v2\/posts\/4650\/revisions"}],"predecessor-version":[{"id":4651,"href":"https:\/\/emisora.univalle.edu.co\/index.php\/wp-json\/wp\/v2\/posts\/4650\/revisions\/4651"}],"wp:featuredmedia":[{"embeddable":true,"href":"https:\/\/emisora.univalle.edu.co\/index.php\/wp-json\/wp\/v2\/media\/4644"}],"wp:attachment":[{"href":"https:\/\/emisora.univalle.edu.co\/index.php\/wp-json\/wp\/v2\/media?parent=4650"}],"wp:term":[{"taxonomy":"category","embeddable":true,"href":"https:\/\/emisora.univalle.edu.co\/index.php\/wp-json\/wp\/v2\/categories?post=4650"},{"taxonomy":"post_tag","embeddable":true,"href":"https:\/\/emisora.univalle.edu.co\/index.php\/wp-json\/wp\/v2\/tags?post=4650"}],"curies":[{"name":"wp","href":"https:\/\/api.w.org\/{rel}","templated":true}]}}