{"id":4671,"date":"2015-06-19T11:33:10","date_gmt":"2015-06-19T16:33:10","guid":{"rendered":"https:\/\/emisora.univalle.edu.co\/\/?p=4671"},"modified":"2015-06-19T11:33:10","modified_gmt":"2015-06-19T16:33:10","slug":"8-anos-despues-familiares-de-diputados-martires-de-la-democracia-siguen-la-espera-de-verdad-justicia-y-reparacion","status":"publish","type":"post","link":"https:\/\/emisora.univalle.edu.co\/index.php\/8-anos-despues-familiares-de-diputados-martires-de-la-democracia-siguen-la-espera-de-verdad-justicia-y-reparacion\/","title":{"rendered":"8 a\u00f1os despu\u00e9s: Familiares de diputados m\u00e1rtires de la democracia, siguen a la espera de verdad, justicia y reparaci\u00f3n"},"content":{"rendered":"<p><span style=\"line-height: 1.5em;\">La Asamblea Departamental epicentro del Acto Simb\u00f3lico y Solemne que conmemor\u00f3 y rindi\u00f3 tributo en el 8\u00ba. Aniversario de su asesinato en cautiverio, a los diputados \u201cM\u00e1rtires de la Democracia\u201d, se sum\u00f3 hoy a las expresiones de los familiares de H\u00e9ctor Fabio Arismendi, Carlos Alberto Barrag\u00e1n, Carlos Alberto Charry, Ramiro Echeverry, Francisco Javier Giraldo, Jairo Javier Hoyos, Juan Carlos Narv\u00e1ez, Nacianceno Orozco, Edison P\u00e9rez, Alberto Quintero y Rufino Varela, en reclamo por la verdad, la justicia y la reparaci\u00f3n.<\/span><\/p>\n<p>\u201cLa verdad ha sido a medias y no ha habido justicia ni reparaci\u00f3n\u201d, afirm\u00f3 Carlos Alberto Orozco Franco actual diputado y hermano de Nacianceno, anotando que \u201ces triste que muchos familiares que depend\u00edan de ellos, del Estado no han recibido nada\u201d. Frente a las FARC dijo que \u201cdespu\u00e9s de tanto tiempo hablan de todo menos del perd\u00f3n, y ellos deben pedir perd\u00f3n ante el mundo por lo que hicieron\u201d.<\/p>\n<p>En el mismo sentido opin\u00f3 Fabiola Perdomo Estrada, esposa de Juan Carlos: \u201cocho a\u00f1os despu\u00e9s de la masacre de nuestros familiares no hemos tenido ni verdad ni justicia ni reparaci\u00f3n, estamos ante unas FARC arrogantes que no han sido capaces de darnos la cara, de reconocer el da\u00f1o que generaron y menos de pedir perd\u00f3n\u201d.<\/p>\n<p>Por su parte el Presidente de la Asamblea del Valle del Cauca Luis Enrique Ruiz Mill\u00e1n pidi\u00f3 directamente a las FARC que se pronuncien, porque \u201ca\u00fan no le han dicho la verdad a las familias y no han pedido perd\u00f3n, considero que por la dignidad de las v\u00edctimas vallecaucanas deben hacer un pronunciamiento real, serio y responsable con los M\u00e1rtires de la Democracia\u201d.<\/p>\n<p>El Alto Consejero para la Paz y los Derechos Humanos de la Gobernaci\u00f3n Fabio Ariel Cardozo Montealegre dijo que \u201ces pertinente invitar a las FARC para escucharlos solicit\u00e1ndole perd\u00f3n a la sociedad vallecaucana como paso previo para la reconciliaci\u00f3n, creo que el mejor homenaje a los diputados es que estos episodios tr\u00e1gicos sean superados con la firma de los acuerdos que hoy se intentan construir en La Habana\u201d.<\/p>\n<p>Museo de la paz<\/p>\n<p>Durante la jornada conmemorativa se present\u00f3 el proyecto \u201cAsamblea del Valle del Cauca para la reconstrucci\u00f3n social, la reconciliaci\u00f3n humana y la paz\u201d, consistente en la Documentaci\u00f3n Hist\u00f3rica de los ocurrido desde el Secuestro el 11 de Abril de 2002 y en la organizaci\u00f3n de un Museo de la Paz en el sur occidente colombiano.<\/p>\n<p>Sobre el prop\u00f3sito, el diputado Ruiz Mill\u00e1n inst\u00f3 a que \u201cno perdamos la memoria hist\u00f3rica de esos hechos, no se nos puede olvidar y hay que recordarlo para que no se vuelva a repetir\u201d. Carolina Charry S\u00e1nchez, hija de Carlos Alberto Charry destac\u00f3 como \u201cmuy grato que pese a lo tr\u00e1gico de esos episodios, se tenga la memoria y haya sentido de pertenencia para recordarlos de una forma bonita\u201d.<\/p>\n<p>Fuente: Comunicaciones Asamblea.<\/p>\n","protected":false},"excerpt":{"rendered":"<p>La Asamblea Departamental epicentro del Acto Simb\u00f3lico y Solemne que conmemor\u00f3 y rindi\u00f3 tributo en el 8\u00ba. Aniversario de su asesinato en cautiverio, a los diputados \u201cM\u00e1rtires de la Democracia\u201d, se sum\u00f3 hoy a las expresiones de los familiares de H\u00e9ctor Fabio Arismendi, Carlos Alberto Barrag\u00e1n, Carlos Alberto Charry, Ramiro[&#8230;]<\/p>\n","protected":false},"author":1,"featured_media":4661,"comment_status":"open","ping_status":"open","sticky":false,"template":"","format":"standard","meta":{"footnotes":""},"categories":[4],"tags":[],"_links":{"self":[{"href":"https:\/\/emisora.univalle.edu.co\/index.php\/wp-json\/wp\/v2\/posts\/4671"}],"collection":[{"href":"https:\/\/emisora.univalle.edu.co\/index.php\/wp-json\/wp\/v2\/posts"}],"about":[{"href":"https:\/\/emisora.univalle.edu.co\/index.php\/wp-json\/wp\/v2\/types\/post"}],"author":[{"embeddable":true,"href":"https:\/\/emisora.univalle.edu.co\/index.php\/wp-json\/wp\/v2\/users\/1"}],"replies":[{"embeddable":true,"href":"https:\/\/emisora.univalle.edu.co\/index.php\/wp-json\/wp\/v2\/comments?post=4671"}],"version-history":[{"count":1,"href":"https:\/\/emisora.univalle.edu.co\/index.php\/wp-json\/wp\/v2\/posts\/4671\/revisions"}],"predecessor-version":[{"id":4672,"href":"https:\/\/emisora.univalle.edu.co\/index.php\/wp-json\/wp\/v2\/posts\/4671\/revisions\/4672"}],"wp:featuredmedia":[{"embeddable":true,"href":"https:\/\/emisora.univalle.edu.co\/index.php\/wp-json\/wp\/v2\/media\/4661"}],"wp:attachment":[{"href":"https:\/\/emisora.univalle.edu.co\/index.php\/wp-json\/wp\/v2\/media?parent=4671"}],"wp:term":[{"taxonomy":"category","embeddable":true,"href":"https:\/\/emisora.univalle.edu.co\/index.php\/wp-json\/wp\/v2\/categories?post=4671"},{"taxonomy":"post_tag","embeddable":true,"href":"https:\/\/emisora.univalle.edu.co\/index.php\/wp-json\/wp\/v2\/tags?post=4671"}],"curies":[{"name":"wp","href":"https:\/\/api.w.org\/{rel}","templated":true}]}}