{"id":4679,"date":"2015-06-19T11:38:08","date_gmt":"2015-06-19T16:38:08","guid":{"rendered":"https:\/\/emisora.univalle.edu.co\/\/?p=4679"},"modified":"2015-06-19T11:38:39","modified_gmt":"2015-06-19T16:38:39","slug":"por-cierre-de-via-buga-buenaventura-vicepresidente-vargas-lleras-y-empresarios-del-valle-acuerdan-nombrar-gerente-logistico","status":"publish","type":"post","link":"https:\/\/emisora.univalle.edu.co\/index.php\/por-cierre-de-via-buga-buenaventura-vicepresidente-vargas-lleras-y-empresarios-del-valle-acuerdan-nombrar-gerente-logistico\/","title":{"rendered":"Por cierre de V\u00eda Buga &#8211; Buenaventura, Vicepresidente  y empresarios del Valle acuerdan nombrar Gerente Log\u00edstico"},"content":{"rendered":"<p><i style=\"line-height: 1.5em;\">\u200b<\/i><span style=\"line-height: 1.5em;\">La v\u00eda Buga-Buenaventura tendr\u00e1 un Gerente Log\u00edstico que coordinar\u00e1 todo lo relacionado con el cierre de este corredor vial as\u00ed lo acordaron el Vicepresidente de la Rep\u00fablica, Germ\u00e1n Vargas Lleras, y empresarios del Valle del Cauca, reunidos este jueves en la tarde en la sede de la ANDI en Cali.<\/span><\/p>\n<p>El Vicepresidente explic\u00f3 que el Gerente Log\u00edstico ser\u00e1 el encargado de analizar todas las alternativas posibles para minimizar los impactos que pueda causar el cierre parcial de la v\u00eda durante los seis meses que duran las obras, a partir del primero de julio.<\/p>\n<p>\u201cEl empresariado del Valle del Cauca entiende la necesidad de este cierre parcial por horas durante el d\u00eda, para poder mover cinco millones de metros c\u00fabicos de tierra y as\u00ed poder adelantar las obras de la segunda calzada entre los kil\u00f3metros 64 y 86 de la carretera que de Buga conduce al Puerto de Buenaventura\u00bb, explic\u00f3 Vargas Lleras, quien agreg\u00f3 que \u00absin este cierre, la construcci\u00f3n tardar\u00eda siete a\u00f1os, pero el objetivo es terminarlas este mismo a\u00f1o.La doble Calzada Buga-Buenaventura no da m\u00e1s espera, no podemos perder esta oportunidad\u201d.<\/p>\n<p>Igualmente, el Vicepresidente inform\u00f3 que el pr\u00f3ximo martes se reunir\u00e1 el Comit\u00e9 T\u00e9cnico que se conform\u00f3 para garantizar la seguridad, el estacionamiento de los veh\u00edculos, el tema de no congesti\u00f3n de los peajes y los detalles para causar el menor traumatismo durante la restricci\u00f3n para el tr\u00e1nsito vehicular.<\/p>\n<p>\u201cSi hay que tomar medidas adicionales se har\u00e1n. Estamos avanzando en los detalles t\u00e9cnicos para que las obras se puedan iniciar y concluir sin mayores traumatismos. Esto va implicar un poco de sacrificio pero creo que bien vale la pena para que este corredor se pueda entregar el pr\u00f3ximo a\u00f1o y no en el 2022, tal como estaba previsto\u201c, detall\u00f3 Vargas Lleras al resaltar que con la doble calzada Buga-Buenaventura se benefician la productividad del Valle del Cauca, de la Regi\u00f3n y de todo el pa\u00eds.<\/p>\n<p>Recordemos que para estas obras, el Inv\u00edas, dentro del Plan de Obra P\u00fablica de este a\u00f1o, incorpor\u00f3 cerca de $300.000 millones adicionales para que el corredor vial sea una realidad. Dentro del cronograma establecido se prev\u00e9 que las obras inicien el primero de julio, los cierres que se realizar\u00e1n entre los kil\u00f3metros 64 y 86 ser\u00e1n los lunes, martes, s\u00e1bados y domingos de 7 a.m. a 8 p.m. y los mi\u00e9rcoles, jueves y viernes de 9 a.m. a 8 p.m.<\/p>\n<p>\u201cLas incomodidades de estos seis meses van a ser recompensadas despu\u00e9s con una v\u00eda de doble calzada, vital para el Valle del Cauca y el pa\u00eds. Para hacer realidad esta megaobra vial todos debemos poner un poco y tener paciencia\u201d, puntualiz\u00f3 el Vicepresidente de la Rep\u00fablica, Germ\u00e1n Vargas Lleras al resaltar que\u00a0 la V\u00eda Buga-Buenaventura es la carretera m\u00e1s importante para elevar la productividad y la competitividad de Colombia.<\/p>\n<p>Fuente: Comunicaciones Vicepresidencia de la Rep\u00fablica.<\/p>\n<p>&nbsp;<\/p>\n","protected":false},"excerpt":{"rendered":"<p>\u200bLa v\u00eda Buga-Buenaventura tendr\u00e1 un Gerente Log\u00edstico que coordinar\u00e1 todo lo relacionado con el cierre de este corredor vial as\u00ed lo acordaron el Vicepresidente de la Rep\u00fablica, Germ\u00e1n Vargas Lleras, y empresarios del Valle del Cauca, reunidos este jueves en la tarde en la sede de la ANDI en Cali.[&#8230;]<\/p>\n","protected":false},"author":1,"featured_media":4666,"comment_status":"open","ping_status":"open","sticky":false,"template":"","format":"standard","meta":{"footnotes":""},"categories":[4],"tags":[],"_links":{"self":[{"href":"https:\/\/emisora.univalle.edu.co\/index.php\/wp-json\/wp\/v2\/posts\/4679"}],"collection":[{"href":"https:\/\/emisora.univalle.edu.co\/index.php\/wp-json\/wp\/v2\/posts"}],"about":[{"href":"https:\/\/emisora.univalle.edu.co\/index.php\/wp-json\/wp\/v2\/types\/post"}],"author":[{"embeddable":true,"href":"https:\/\/emisora.univalle.edu.co\/index.php\/wp-json\/wp\/v2\/users\/1"}],"replies":[{"embeddable":true,"href":"https:\/\/emisora.univalle.edu.co\/index.php\/wp-json\/wp\/v2\/comments?post=4679"}],"version-history":[{"count":2,"href":"https:\/\/emisora.univalle.edu.co\/index.php\/wp-json\/wp\/v2\/posts\/4679\/revisions"}],"predecessor-version":[{"id":4681,"href":"https:\/\/emisora.univalle.edu.co\/index.php\/wp-json\/wp\/v2\/posts\/4679\/revisions\/4681"}],"wp:featuredmedia":[{"embeddable":true,"href":"https:\/\/emisora.univalle.edu.co\/index.php\/wp-json\/wp\/v2\/media\/4666"}],"wp:attachment":[{"href":"https:\/\/emisora.univalle.edu.co\/index.php\/wp-json\/wp\/v2\/media?parent=4679"}],"wp:term":[{"taxonomy":"category","embeddable":true,"href":"https:\/\/emisora.univalle.edu.co\/index.php\/wp-json\/wp\/v2\/categories?post=4679"},{"taxonomy":"post_tag","embeddable":true,"href":"https:\/\/emisora.univalle.edu.co\/index.php\/wp-json\/wp\/v2\/tags?post=4679"}],"curies":[{"name":"wp","href":"https:\/\/api.w.org\/{rel}","templated":true}]}}