{"id":4697,"date":"2015-06-19T14:39:06","date_gmt":"2015-06-19T19:39:06","guid":{"rendered":"https:\/\/emisora.univalle.edu.co\/\/?p=4697"},"modified":"2015-06-19T14:39:39","modified_gmt":"2015-06-19T19:39:39","slug":"gobernacion-del-valle-firmo-convenio-de-asociacion-para-la-administracion-por-10-anos-del-ecoparque-del-rio-pance","status":"publish","type":"post","link":"https:\/\/emisora.univalle.edu.co\/index.php\/gobernacion-del-valle-firmo-convenio-de-asociacion-para-la-administracion-por-10-anos-del-ecoparque-del-rio-pance\/","title":{"rendered":"Gobernaci\u00f3n del Valle firm\u00f3 convenio para la administraci\u00f3n por 10 a\u00f1os del Ecoparque del R\u00edo Pance"},"content":{"rendered":"<p><span style=\"line-height: 1.5em;\">El Gobernador de los vallecaucanos Ubeimar Delgado Bland\u00f3n firm\u00f3 el convenio de asociaci\u00f3n por 10 a\u00f1os con la Corporaci\u00f3n para la Recreaci\u00f3n Popular para administrar el Ecoparque del R\u00edo Pance. El convenio tiene por objeto aunar esfuerzos y recursos para la administraci\u00f3n, operaci\u00f3n, mantenimiento, gesti\u00f3n y ejecuci\u00f3n de proyectos en el Eco-Parque Departamental. \u00a0<\/span><\/p>\n<p>\u201cEs muy importante que todos los vallecaucanos y cale\u00f1os se enteren de que a partir de hoy, la administraci\u00f3n y por ende las mejoras que se le van a hacer a este balneario t\u00edpico de la regi\u00f3n, corresponden a la Corporaci\u00f3n para la Recreaci\u00f3n Popular, la cual se convierte en la nueva administraci\u00f3n por los pr\u00f3ximos 10 a\u00f1os de este Ecoparque departamental. Le estamos cumpliendo a los vallecaucanos, les estamos demostrando que desde la gobernaci\u00f3n nos estamos preocupando por la calidad de vida de los habitantes de todas las regiones de nuestro Valle del Cauca\u201d, indic\u00f3 el Gobernador Ubeimar Delgado.<\/p>\n<p>Fernando Mar\u00edn, Gerente de la Corporaci\u00f3n para la Recreaci\u00f3n Popular de Cali, manifest\u00f3 que \u201cpara nosotros es fundamental que exista esta confianza que nos brindan hoy para la administraci\u00f3n de este sitio como lo es el Ecoparque. Nosotros ya lo tuvimos dentro de la corporaci\u00f3n m\u00e1s de 20 a\u00f1os pero hoy lo estamos recuperando y todos los vallecaucanos pueden estar seguros de nuestra labor que a partir de hoy empieza\u201d.<\/p>\n<p>Por su parte el asesor del despacho del Gobernador y encargado directo del tema del Ecoparque, Orlando Riascos, exalt\u00f3 la labor y el apoyo de Ubeimar Delgado como gobernador a este nuevo convenio de asociaci\u00f3n que tiene el compromiso de las obras de recuperaci\u00f3n y adecuaci\u00f3n de los espacios recreativos y educativos como son las diferentes canchas, la pista de trote, el eco-hotel, la piscina de agua natural, las caba\u00f1as, la granja auto sostenible y\u00a0 la casa de la cultura ambiental.<\/p>\n","protected":false},"excerpt":{"rendered":"<p>El Gobernador de los vallecaucanos Ubeimar Delgado Bland\u00f3n firm\u00f3 el convenio de asociaci\u00f3n por 10 a\u00f1os con la Corporaci\u00f3n para la Recreaci\u00f3n Popular para administrar el Ecoparque del R\u00edo Pance. El convenio tiene por objeto aunar esfuerzos y recursos para la administraci\u00f3n, operaci\u00f3n, mantenimiento, gesti\u00f3n y ejecuci\u00f3n de proyectos en[&#8230;]<\/p>\n","protected":false},"author":1,"featured_media":4689,"comment_status":"open","ping_status":"open","sticky":false,"template":"","format":"standard","meta":{"footnotes":""},"categories":[4],"tags":[],"_links":{"self":[{"href":"https:\/\/emisora.univalle.edu.co\/index.php\/wp-json\/wp\/v2\/posts\/4697"}],"collection":[{"href":"https:\/\/emisora.univalle.edu.co\/index.php\/wp-json\/wp\/v2\/posts"}],"about":[{"href":"https:\/\/emisora.univalle.edu.co\/index.php\/wp-json\/wp\/v2\/types\/post"}],"author":[{"embeddable":true,"href":"https:\/\/emisora.univalle.edu.co\/index.php\/wp-json\/wp\/v2\/users\/1"}],"replies":[{"embeddable":true,"href":"https:\/\/emisora.univalle.edu.co\/index.php\/wp-json\/wp\/v2\/comments?post=4697"}],"version-history":[{"count":2,"href":"https:\/\/emisora.univalle.edu.co\/index.php\/wp-json\/wp\/v2\/posts\/4697\/revisions"}],"predecessor-version":[{"id":4699,"href":"https:\/\/emisora.univalle.edu.co\/index.php\/wp-json\/wp\/v2\/posts\/4697\/revisions\/4699"}],"wp:featuredmedia":[{"embeddable":true,"href":"https:\/\/emisora.univalle.edu.co\/index.php\/wp-json\/wp\/v2\/media\/4689"}],"wp:attachment":[{"href":"https:\/\/emisora.univalle.edu.co\/index.php\/wp-json\/wp\/v2\/media?parent=4697"}],"wp:term":[{"taxonomy":"category","embeddable":true,"href":"https:\/\/emisora.univalle.edu.co\/index.php\/wp-json\/wp\/v2\/categories?post=4697"},{"taxonomy":"post_tag","embeddable":true,"href":"https:\/\/emisora.univalle.edu.co\/index.php\/wp-json\/wp\/v2\/tags?post=4697"}],"curies":[{"name":"wp","href":"https:\/\/api.w.org\/{rel}","templated":true}]}}