{"id":4713,"date":"2015-06-22T10:17:04","date_gmt":"2015-06-22T15:17:04","guid":{"rendered":"https:\/\/emisora.univalle.edu.co\/\/?p=4713"},"modified":"2015-06-22T10:17:04","modified_gmt":"2015-06-22T15:17:04","slug":"opinion-de-jovenes-hara-parte-de-la-politica-publica-de-participacion-ciudadana","status":"publish","type":"post","link":"https:\/\/emisora.univalle.edu.co\/index.php\/opinion-de-jovenes-hara-parte-de-la-politica-publica-de-participacion-ciudadana\/","title":{"rendered":"Opini\u00f3n de j\u00f3venes har\u00e1 parte de la pol\u00edtica p\u00fablica de participaci\u00f3n ciudadana"},"content":{"rendered":"<p><span style=\"line-height: 1.5em;\">Con el \u00e1nimo de que la pol\u00edtica\u00a0 p\u00fablica de Participaci\u00f3n Ciudadana abarque todos los actores y espacios de participaci\u00f3n de la ciudad, se realizar\u00e1 una jornada especial de socializaci\u00f3n con las instituciones educativas p\u00fablicas y privadas de la ciudad, ya que estas son las generadoras naturales de espacios de discusi\u00f3n, inclusi\u00f3n y participaci\u00f3n social en los j\u00f3venes.<\/span><\/p>\n<p>Por lo anterior, se invita a las instituciones educativas de la ciudad, de orden p\u00fablico y privado a participar de la jornada de socializaci\u00f3n que se llevar\u00e1 a cabo \u00e9ste martes 23 de junio de 2015 en la capilla del Colegio Santa Librada, a las 3:00 p.m.<\/p>\n<p>Se espera contar para esta reuni\u00f3n con la participaci\u00f3n de los personeros estudiantiles y rectores de las instituciones educativas de la ciudad.<\/p>\n<p><b>Fuente: Comunicaciones Alcald\u00eda<\/b><\/p>\n","protected":false},"excerpt":{"rendered":"<p>Con el \u00e1nimo de que la pol\u00edtica\u00a0 p\u00fablica de Participaci\u00f3n Ciudadana abarque todos los actores y espacios de participaci\u00f3n de la ciudad, se realizar\u00e1 una jornada especial de socializaci\u00f3n con las instituciones educativas p\u00fablicas y privadas de la ciudad, ya que estas son las generadoras naturales de espacios de discusi\u00f3n,[&#8230;]<\/p>\n","protected":false},"author":1,"featured_media":4708,"comment_status":"open","ping_status":"open","sticky":false,"template":"","format":"standard","meta":{"footnotes":""},"categories":[4],"tags":[],"_links":{"self":[{"href":"https:\/\/emisora.univalle.edu.co\/index.php\/wp-json\/wp\/v2\/posts\/4713"}],"collection":[{"href":"https:\/\/emisora.univalle.edu.co\/index.php\/wp-json\/wp\/v2\/posts"}],"about":[{"href":"https:\/\/emisora.univalle.edu.co\/index.php\/wp-json\/wp\/v2\/types\/post"}],"author":[{"embeddable":true,"href":"https:\/\/emisora.univalle.edu.co\/index.php\/wp-json\/wp\/v2\/users\/1"}],"replies":[{"embeddable":true,"href":"https:\/\/emisora.univalle.edu.co\/index.php\/wp-json\/wp\/v2\/comments?post=4713"}],"version-history":[{"count":1,"href":"https:\/\/emisora.univalle.edu.co\/index.php\/wp-json\/wp\/v2\/posts\/4713\/revisions"}],"predecessor-version":[{"id":4714,"href":"https:\/\/emisora.univalle.edu.co\/index.php\/wp-json\/wp\/v2\/posts\/4713\/revisions\/4714"}],"wp:featuredmedia":[{"embeddable":true,"href":"https:\/\/emisora.univalle.edu.co\/index.php\/wp-json\/wp\/v2\/media\/4708"}],"wp:attachment":[{"href":"https:\/\/emisora.univalle.edu.co\/index.php\/wp-json\/wp\/v2\/media?parent=4713"}],"wp:term":[{"taxonomy":"category","embeddable":true,"href":"https:\/\/emisora.univalle.edu.co\/index.php\/wp-json\/wp\/v2\/categories?post=4713"},{"taxonomy":"post_tag","embeddable":true,"href":"https:\/\/emisora.univalle.edu.co\/index.php\/wp-json\/wp\/v2\/tags?post=4713"}],"curies":[{"name":"wp","href":"https:\/\/api.w.org\/{rel}","templated":true}]}}