{"id":4715,"date":"2015-06-22T10:19:48","date_gmt":"2015-06-22T15:19:48","guid":{"rendered":"https:\/\/emisora.univalle.edu.co\/\/?p=4715"},"modified":"2015-06-22T10:20:33","modified_gmt":"2015-06-22T15:20:33","slug":"se-amplia-plazo-para-presentacion-de-proyectos-en-estimulos-cali-2015","status":"publish","type":"post","link":"https:\/\/emisora.univalle.edu.co\/index.php\/se-amplia-plazo-para-presentacion-de-proyectos-en-estimulos-cali-2015\/","title":{"rendered":"Se ampl\u00eda plazo para presentaci\u00f3n de proyectos en Est\u00edmulos Cali 2015"},"content":{"rendered":"<p><span style=\"line-height: 1.5em;\">El Comit\u00e9 T\u00e9cnico de la convocatoria Est\u00edmulos 2015 decidi\u00f3 ampliar el plazo de cierre y la participaci\u00f3n en tres \u00e1reas, manteniendo las condiciones generales publicadas en\u00a0<\/span><a style=\"line-height: 1.5em;\" href=\"http:\/\/www.cali.gov.co\/cultura\">www.cali.gov.co\/cultura<\/a><span style=\"line-height: 1.5em;\">\u00a0y en la cartilla impresa oficial de la convocatoria.<\/span><\/p>\n<p>Lo anterior se decidi\u00f3 teniendo en cuenta que en la convocatoria Est\u00edmulos 2015, cerrada el 9 de junio pasado, se registraron 155 proyectos, correspondientes a quince \u00e1reas de la misma, de 16 que estaban abiertas.<\/p>\n<p>De la misma manera, se encontr\u00f3 que para la Beca de Circulaci\u00f3n Nacional para Grupos y Compa\u00f1\u00edas de Danza no hubo ning\u00fan proyecto inscrito, que para la Beca de Investigaci\u00f3n y Difusi\u00f3n de Procesos Culturales se inscribi\u00f3 un proyecto, existiendo el ofrecimiento de tres becas, y que en Artes Pl\u00e1sticas y Visuales se ofrecieron dos becas para Publicaciones Art\u00edsticas y solo un proyecto pas\u00f3 a estudio de los jurados.<\/p>\n<p>Por esta raz\u00f3n, las becas de Circulaci\u00f3n Nacional, que antes estaban espec\u00edficas para grupos y compa\u00f1\u00edas de danza, se ampl\u00edan a grupos y compa\u00f1\u00edas de todas las Artes Esc\u00e9nicas.<\/p>\n<p>Asimismo, quedan abiertas las 3 becas para Investigaci\u00f3n y Difusi\u00f3n de Procesos Culturales, en la que se podr\u00e1n presentar personas naturales o jur\u00eddicas, y se eliminan las notas que limitan la extensi\u00f3n de los trabajos publicados, que hacen parte del portafolio de las personas naturales o jur\u00eddicas.<\/p>\n<p>Para el \u00e1rea de Artes Pl\u00e1sticas y Visuales, quedan abiertas las 2 becas para Publicaciones Art\u00edsticas, todas con plazo de presentaci\u00f3n hasta el 30 de junio de 2015.<\/p>\n<p>Para descargar la resoluci\u00f3n puede ingresar a\u00a0<a href=\"http:\/\/www.cali.gov.co\/cultura\">http:\/\/www.cali.gov.co\/cultura<\/a>\u00a0en informaci\u00f3n asociada o comunicarse directamente al Centro Cultural de Cali a la Oficina de Emprendimiento Cultural o al 885 90 87.<\/p>\n<p><b>Fuente: Comunicaciones Alcald\u00eda<\/b><\/p>\n","protected":false},"excerpt":{"rendered":"<p>El Comit\u00e9 T\u00e9cnico de la convocatoria Est\u00edmulos 2015 decidi\u00f3 ampliar el plazo de cierre y la participaci\u00f3n en tres \u00e1reas, manteniendo las condiciones generales publicadas en\u00a0www.cali.gov.co\/cultura\u00a0y en la cartilla impresa oficial de la convocatoria. Lo anterior se decidi\u00f3 teniendo en cuenta que en la convocatoria Est\u00edmulos 2015, cerrada el 9[&#8230;]<\/p>\n","protected":false},"author":1,"featured_media":4706,"comment_status":"open","ping_status":"open","sticky":false,"template":"","format":"standard","meta":{"footnotes":""},"categories":[4],"tags":[],"_links":{"self":[{"href":"https:\/\/emisora.univalle.edu.co\/index.php\/wp-json\/wp\/v2\/posts\/4715"}],"collection":[{"href":"https:\/\/emisora.univalle.edu.co\/index.php\/wp-json\/wp\/v2\/posts"}],"about":[{"href":"https:\/\/emisora.univalle.edu.co\/index.php\/wp-json\/wp\/v2\/types\/post"}],"author":[{"embeddable":true,"href":"https:\/\/emisora.univalle.edu.co\/index.php\/wp-json\/wp\/v2\/users\/1"}],"replies":[{"embeddable":true,"href":"https:\/\/emisora.univalle.edu.co\/index.php\/wp-json\/wp\/v2\/comments?post=4715"}],"version-history":[{"count":2,"href":"https:\/\/emisora.univalle.edu.co\/index.php\/wp-json\/wp\/v2\/posts\/4715\/revisions"}],"predecessor-version":[{"id":4717,"href":"https:\/\/emisora.univalle.edu.co\/index.php\/wp-json\/wp\/v2\/posts\/4715\/revisions\/4717"}],"wp:featuredmedia":[{"embeddable":true,"href":"https:\/\/emisora.univalle.edu.co\/index.php\/wp-json\/wp\/v2\/media\/4706"}],"wp:attachment":[{"href":"https:\/\/emisora.univalle.edu.co\/index.php\/wp-json\/wp\/v2\/media?parent=4715"}],"wp:term":[{"taxonomy":"category","embeddable":true,"href":"https:\/\/emisora.univalle.edu.co\/index.php\/wp-json\/wp\/v2\/categories?post=4715"},{"taxonomy":"post_tag","embeddable":true,"href":"https:\/\/emisora.univalle.edu.co\/index.php\/wp-json\/wp\/v2\/tags?post=4715"}],"curies":[{"name":"wp","href":"https:\/\/api.w.org\/{rel}","templated":true}]}}