{"id":4718,"date":"2015-06-22T10:21:44","date_gmt":"2015-06-22T15:21:44","guid":{"rendered":"https:\/\/emisora.univalle.edu.co\/\/?p=4718"},"modified":"2015-06-22T10:21:44","modified_gmt":"2015-06-22T15:21:44","slug":"gobernacion-del-valle-seguira-apoyando-el-programa-despues-de-clases-en-buenaventura","status":"publish","type":"post","link":"https:\/\/emisora.univalle.edu.co\/index.php\/gobernacion-del-valle-seguira-apoyando-el-programa-despues-de-clases-en-buenaventura\/","title":{"rendered":"Gobernaci\u00f3n del Valle seguir\u00e1 apoyando el Programa \u201cDespu\u00e9s de Clases\u201d en Buenaventura"},"content":{"rendered":"<p><span style=\"line-height: 1.5em;\">La Secretar\u00eda de Cultura Departamental seguir\u00e1 apoyando a Buenaventura en este segundo semestre con el programa \u201cDespu\u00e9s de Clases\u201d, gracias a un convenio que firmar\u00e1n las partes.\u00a0<\/span><\/p>\n<p>Gracias a ello se podr\u00e1n favorecer a casi 300 personas entre ni\u00f1os y adultos, en sectores rurales del Distrito al igual que algunas comunas en el \u00e1rea urbana, seg\u00fan lo confirm\u00f3 la titular de esa cartera, Ana Mar\u00eda Jaramillo Torres.<\/p>\n<p>Entre los corregimientos que se beneficiar\u00e1n estar\u00e1n: M\u00e1laga, C\u00f3rdoba, San Cipriano, La Bocana, Juanchaco, Ladrilleros, entre otros, donde ha sido bien recibida la iniciativa que busca incentivar la cultura entre ni\u00f1os y adolescentes de la ciudad \u2013 puerto.<\/p>\n<p>Despu\u00e9s de Clases\u201d es un programa que se desarrolla bajo los lineamientos del Plan Nacional de Educaci\u00f3n Art\u00edstica y ejecutado por Instituto Departamental de Bellas Artes como encargado de todo el componente pedag\u00f3gico y de la certificaci\u00f3n de\u00a0 los alumnos.<\/p>\n<p>En el caso particular de Buenaventura como distrito especial, el programa Despu\u00e9s de Clases fortalece la formaci\u00f3n en las m\u00fasicas tradicionales del Pac\u00edfico Sur colombiano como Patrimonio Cultural Inmaterial de la Humanidad, declarado por UNESCO.<\/p>\n<p><b>Fuente: Comunicaciones Gobernaci\u00f3n<\/b><\/p>\n","protected":false},"excerpt":{"rendered":"<p>La Secretar\u00eda de Cultura Departamental seguir\u00e1 apoyando a Buenaventura en este segundo semestre con el programa \u201cDespu\u00e9s de Clases\u201d, gracias a un convenio que firmar\u00e1n las partes.\u00a0 Gracias a ello se podr\u00e1n favorecer a casi 300 personas entre ni\u00f1os y adultos, en sectores rurales del Distrito al igual que algunas[&#8230;]<\/p>\n","protected":false},"author":1,"featured_media":4704,"comment_status":"open","ping_status":"open","sticky":false,"template":"","format":"standard","meta":{"footnotes":""},"categories":[4],"tags":[],"_links":{"self":[{"href":"https:\/\/emisora.univalle.edu.co\/index.php\/wp-json\/wp\/v2\/posts\/4718"}],"collection":[{"href":"https:\/\/emisora.univalle.edu.co\/index.php\/wp-json\/wp\/v2\/posts"}],"about":[{"href":"https:\/\/emisora.univalle.edu.co\/index.php\/wp-json\/wp\/v2\/types\/post"}],"author":[{"embeddable":true,"href":"https:\/\/emisora.univalle.edu.co\/index.php\/wp-json\/wp\/v2\/users\/1"}],"replies":[{"embeddable":true,"href":"https:\/\/emisora.univalle.edu.co\/index.php\/wp-json\/wp\/v2\/comments?post=4718"}],"version-history":[{"count":1,"href":"https:\/\/emisora.univalle.edu.co\/index.php\/wp-json\/wp\/v2\/posts\/4718\/revisions"}],"predecessor-version":[{"id":4719,"href":"https:\/\/emisora.univalle.edu.co\/index.php\/wp-json\/wp\/v2\/posts\/4718\/revisions\/4719"}],"wp:featuredmedia":[{"embeddable":true,"href":"https:\/\/emisora.univalle.edu.co\/index.php\/wp-json\/wp\/v2\/media\/4704"}],"wp:attachment":[{"href":"https:\/\/emisora.univalle.edu.co\/index.php\/wp-json\/wp\/v2\/media?parent=4718"}],"wp:term":[{"taxonomy":"category","embeddable":true,"href":"https:\/\/emisora.univalle.edu.co\/index.php\/wp-json\/wp\/v2\/categories?post=4718"},{"taxonomy":"post_tag","embeddable":true,"href":"https:\/\/emisora.univalle.edu.co\/index.php\/wp-json\/wp\/v2\/tags?post=4718"}],"curies":[{"name":"wp","href":"https:\/\/api.w.org\/{rel}","templated":true}]}}